{"id":561,"date":"2009-05-21T14:14:00","date_gmt":"2009-05-21T14:14:00","guid":{"rendered":"http:\/\/blogs.elnortedecastilla.es\/vicentealvarez\/?p=561"},"modified":"2009-05-21T14:14:00","modified_gmt":"2009-05-21T14:14:00","slug":"las-ninas-kabul","status":"publish","type":"post","link":"https:\/\/blogs.elnortedecastilla.es\/vicentealvarez\/2009\/05\/21\/las-ninas-kabul\/","title":{"rendered":"LAS NI\u00d1AS DE KABUL"},"content":{"rendered":"<p><IMG class=imgizqda id=img_0 src=\"\/vicentealvarez\/wp-content\/uploads\/sites\/3\">Publicado en El Norte de Castilla el 21 de mayo de 2009.<\/p>\n<p> <P class=MsoNormal style=\"MARGIN: 0cm 0cm 0pt; TEXT-ALIGN: justify\"><SPAN style=\"FONT-SIZE: 10pt; FONT-FAMILY: Arial\">Le\u00ed el otro d\u00eda en la versi\u00f3n digital de El Norte de Castilla una noticia que hac\u00eda referencia a la agresi\u00f3n que hab\u00eda sufrido una familia colombiana por parte de un joven quien, tras ser recriminado por circular a gran velocidad, se baj\u00f3 del coche y dio unos cuantos pu\u00f1etazos a una se\u00f1ora y a su hijo. No me extra\u00f1\u00f3 la noticia (por desgracia, casos parecidos se dan con indignante frecuencia) pero s\u00ed la reacci\u00f3n de la gente. En su inmensa mayor\u00eda, los internautas daban la raz\u00f3n al presunto agresor y cargaban contra la familia colombiana. Lo hac\u00edan \u00fanicamente por eso: porque eran colombianos. Muchos iniciaban su diatriba con esa frase tan recurrida y mosqueante de \u201cyo no soy racista pero\u2026.\u201d. Curiosamente, ese mismo d\u00eda se hac\u00eda p\u00fablico un informe de SOS Racismo seg\u00fan el cual \u201cla pol\u00edtica y los discursos del Gobierno est\u00e1n fomentando la xenofobia al vincular crisis e inmigraci\u00f3n\u201d. Ya se sabe que en \u00e9poca de crisis no hay nada m\u00e1s sencillo que echar la culpa a los de fuera. Amenazador caldo de cultivo para ser aprovechado por los fascismos de turno. De hecho, algunos buitres ya se frotan las manos. \u00bfDe qu\u00e9 nos suena todo esto? Los foros echan chispas por todos los lados cuando se trata el tema. O cuando se tratan otros como el sacrosanto f\u00fatbol. En los \u00faltimos d\u00edas algunos aficionados gijoneses no paran de insultar a toda una ciudad amenazando con quemar Zorrilla el pr\u00f3ximo s\u00e1bado por culpa de unas entradas de f\u00fatbol. Desde luego, cuesta entender que se ofenda e injurie grav\u00edsimamente a todos los vallisoletanos por el simple hecho de que una sociedad an\u00f3nima haya decidido vender caro su producto. Es lo que tienen estas cosas. Otros se mosquean porque Soraya haya quedado pen\u00faltima en Eurovisi\u00f3n con una canci\u00f3n que, objetivamente, no es peor que la ganadora: las dos son pura excrecencia musical. \u00bfEs tan dif\u00edcil mandar a la mierda a un festival de m\u00fasica que no se rige por la m\u00fasica sino por criterios pol\u00edticos o de proximidad geogr\u00e1fica? Italia ya lo ha hecho y no se ha ca\u00eddo la torre de Pisa.<?xml:namespace prefix = o ns = \"urn:schemas-microsoft-com:office:office\" \/><o:p><\/o:p><\/SPAN><\/p>\n<p> <P class=MsoNormal style=\"MARGIN: 0cm 0cm 0pt; TEXT-ALIGN: justify\"><SPAN style=\"FONT-SIZE: 10pt; FONT-FAMILY: Arial\">Vienen todos estos dimes y diretes a cuento de una noticia que me ha revuelto las tripas y que apenas ha tenido repercusi\u00f3n. Es el tremebundo caso de las ni\u00f1as afganas que se ven obligadas a dejar la escuela por el acoso talib\u00e1n al que se encuentran sometidas. Atentados con \u00e1cido, asesinatos, quemas de escuelas, secuestros y violaciones. Todo vale con tal de que las mujeres, seres infrahumanos para los talibanes, no reciban<SPAN style=\"mso-spacerun: yes\"> <\/SPAN>ninguna educaci\u00f3n. En los \u00faltimos meses, 138 estudiantes y maestras han sido asesinadas; otras 172 han sido heridas; unas 650 escuelas han dejado de funcionar tras ser atacadas o incendiadas. &#8220;Estoy muy triste, \u00bfqu\u00e9 pas\u00f3 en mi escuela? Yo s\u00f3lo quiero estudiar&#8221;, escucho decir a una ni\u00f1a que ha sido atacada con \u00e1cido s\u00f3lo por cometer el terrible pecado de ir al colegio. Esto, desde luego, no importa nada ni genera debate. Nos encendemos con temas como la maldad de los extranjeros que nos quitan los puestos de trabajo, las caras entradas del f\u00fatbol o el pen\u00faltimo puesto de Eurovisi\u00f3n. Eso cuando no nos aburren con la comuni\u00f3n de la hija de Bel\u00e9n Esteban o con el fara\u00f3nico nuevo proyecto de San Florentino. Las ni\u00f1as de Kabul, claro, quedan muy lejos.<o:p><\/o:p><\/SPAN><\/p>\n","protected":false},"excerpt":{"rendered":"<p>Publicado en El Norte de Castilla el 21 de mayo de 2009. Le\u00ed el otro d\u00eda en la versi\u00f3n digital de El Norte de Castilla una noticia que hac\u00eda referencia a la agresi\u00f3n que hab\u00eda sufrido una familia colombiana por parte de un joven quien, tras ser recriminado por circular a gran velocidad, se baj\u00f3 [&hellip;]<\/p>\n","protected":false},"author":4,"featured_media":0,"comment_status":"open","ping_status":"closed","sticky":false,"template":"","format":"standard","meta":[],"categories":[7],"tags":[],"_links":{"self":[{"href":"https:\/\/blogs.elnortedecastilla.es\/vicentealvarez\/wp-json\/wp\/v2\/posts\/561"}],"collection":[{"href":"https:\/\/blogs.elnortedecastilla.es\/vicentealvarez\/wp-json\/wp\/v2\/posts"}],"about":[{"href":"https:\/\/blogs.elnortedecastilla.es\/vicentealvarez\/wp-json\/wp\/v2\/types\/post"}],"author":[{"embeddable":true,"href":"https:\/\/blogs.elnortedecastilla.es\/vicentealvarez\/wp-json\/wp\/v2\/users\/4"}],"replies":[{"embeddable":true,"href":"https:\/\/blogs.elnortedecastilla.es\/vicentealvarez\/wp-json\/wp\/v2\/comments?post=561"}],"version-history":[{"count":0,"href":"https:\/\/blogs.elnortedecastilla.es\/vicentealvarez\/wp-json\/wp\/v2\/posts\/561\/revisions"}],"wp:attachment":[{"href":"https:\/\/blogs.elnortedecastilla.es\/vicentealvarez\/wp-json\/wp\/v2\/media?parent=561"}],"wp:term":[{"taxonomy":"category","embeddable":true,"href":"https:\/\/blogs.elnortedecastilla.es\/vicentealvarez\/wp-json\/wp\/v2\/categories?post=561"},{"taxonomy":"post_tag","embeddable":true,"href":"https:\/\/blogs.elnortedecastilla.es\/vicentealvarez\/wp-json\/wp\/v2\/tags?post=561"}],"curies":[{"name":"wp","href":"https:\/\/api.w.org\/{rel}","templated":true}]}}