{"id":584,"date":"2009-07-12T11:54:00","date_gmt":"2009-07-12T11:54:00","guid":{"rendered":"http:\/\/blogs.elnortedecastilla.es\/vicentealvarez\/?p=584"},"modified":"2009-07-12T11:54:00","modified_gmt":"2009-07-12T11:54:00","slug":"digital","status":"publish","type":"post","link":"https:\/\/blogs.elnortedecastilla.es\/vicentealvarez\/2009\/07\/12\/digital\/","title":{"rendered":"DIGITAL"},"content":{"rendered":"<p><IMG class=imgcen id=img_0 src=\"\/vicentealvarez\/wp-content\/uploads\/sites\/3\">  <P class=MsoNormal style=\"MARGIN: 0cm 0cm 0pt; mso-margin-top-alt: auto; mso-margin-bottom-alt: auto\"><SPAN style=\"FONT-SIZE: 10pt; FONT-FAMILY: Arial\">Las bicicletas son para el verano, claro. De eso saben mucho Azul y Negro, un d\u00fao musical de tecnopop que, durante una \u00e9poca, goz\u00f3 de gran \u00e9xito, especialmente gracias a sus himnos ciclistas. \u201cMe estoy volviendo loco\u201d fue un bombazo y se convirti\u00f3 en la primera sinton\u00eda espa\u00f1ola asociada al reportaje televisivo de <?xml:namespace prefix = st1 ns = \"urn:schemas-microsoft-com:office:smarttags\" \/><st1:PersonName ProductID=\"la Vuelta Ciclista\" w:st=\"on\"><st1:PersonName ProductID=\"la Vuelta\" w:st=\"on\">la Vuelta<\/st1:PersonName> Ciclista<\/st1:PersonName> a Espa\u00f1a. Era el a\u00f1o 1982, el a\u00f1o de Arroyo y Lejarreta. En la edici\u00f3n siguiente, <st1:PersonName ProductID=\"la Vuelta\" w:st=\"on\">la Vuelta<\/st1:PersonName> de Gorospe y de Hinault, Azul y Negro entr\u00f3 en todos los hogares espa\u00f1oles con el tema \u201cCon los dedos de una mano\u201d. \u201cFunky Punky Girl\u201d ilustr\u00f3 <st1:PersonName ProductID=\"la Volta\" w:st=\"on\">la Volta<\/st1:PersonName> a Catalu\u00f1a 1984 y \u201cVuelva vd. ma\u00f1ana\u201d <st1:PersonName ProductID=\"la Vuelta\" w:st=\"on\">la Vuelta<\/st1:PersonName> a Valencia 1986. En 1993, con \u201cTwo-pa`ka\u201d, volvieron a componer la sinton\u00eda de <st1:PersonName ProductID=\"la Vuelta\" w:st=\"on\">la Vuelta<\/st1:PersonName> ciclista a Espa\u00f1a. <\/SPAN><\/p>\n<p> <P class=MsoNormal style=\"MARGIN: 0cm 0cm 0pt; mso-margin-top-alt: auto; mso-margin-bottom-alt: auto\"><SPAN style=\"FONT-SIZE: 10pt; FONT-FAMILY: Arial\">En 1984 se convirtieron en el primer grupo espa\u00f1ol en editar un disco en formato CD (sacaron \u00fanicamente 200 copias ya que en Espa\u00f1a nadie contaba entonces con un reproductor de ced\u00e9s). El a\u00f1o anterior hab\u00edan lanzado \u201cDigital\u201d, el primer LP en la industria discogr\u00e1fica espa\u00f1ola cuyas mezclas se hab\u00edan hecho mediante el sistema digital. Era el tercer trabajo del grupo, fue elegido el LP<SPAN style=\"mso-bidi-font-style: italic\"> m\u00e1s importante del a\u00f1o, alcanz\u00f3 el<\/SPAN> <SPAN style=\"mso-bidi-font-style: italic\">Disco de Oro y Azul y Negro se convirti\u00f3 en <\/SPAN>el grupo nacional que m\u00e1s discos vendi\u00f3 ese a\u00f1o. Aparte de \u201cMe estoy volviendo loco\u201d y \u201cCon los dedos de una mano\u201d estaba \u201cThe Night\u201d, una de las canciones m\u00e1s bailadas de aquel a\u00f1o en las discotecas de Londres y en el Estudio 54 de Nueva York. \u201cDigital\u201d se trataba, en realidad, de una recopilaci\u00f3n de los dos primeros discos del d\u00fao y fue el mayor \u00e9xito de Azul y Negro, un grupo cuya m\u00fasica estaba basada casi en su totalidad en sintetizadores, secuenciadores y el uso de la voz robotizada gracias al vocoder y que siempre permanecer\u00e1 en mi memoria asociada al mundo del ciclismo.<?xml:namespace prefix = o ns = \"urn:schemas-microsoft-com:office:office\" \/><o:p><\/o:p><\/SPAN><\/p>\n","protected":false},"excerpt":{"rendered":"<p>Las bicicletas son para el verano, claro. De eso saben mucho Azul y Negro, un d\u00fao musical de tecnopop que, durante una \u00e9poca, goz\u00f3 de gran \u00e9xito, especialmente gracias a sus himnos ciclistas. \u201cMe estoy volviendo loco\u201d fue un bombazo y se convirti\u00f3 en la primera sinton\u00eda espa\u00f1ola asociada al reportaje televisivo de la Vuelta [&hellip;]<\/p>\n","protected":false},"author":4,"featured_media":0,"comment_status":"open","ping_status":"closed","sticky":false,"template":"","format":"standard","meta":[],"categories":[6],"tags":[],"_links":{"self":[{"href":"https:\/\/blogs.elnortedecastilla.es\/vicentealvarez\/wp-json\/wp\/v2\/posts\/584"}],"collection":[{"href":"https:\/\/blogs.elnortedecastilla.es\/vicentealvarez\/wp-json\/wp\/v2\/posts"}],"about":[{"href":"https:\/\/blogs.elnortedecastilla.es\/vicentealvarez\/wp-json\/wp\/v2\/types\/post"}],"author":[{"embeddable":true,"href":"https:\/\/blogs.elnortedecastilla.es\/vicentealvarez\/wp-json\/wp\/v2\/users\/4"}],"replies":[{"embeddable":true,"href":"https:\/\/blogs.elnortedecastilla.es\/vicentealvarez\/wp-json\/wp\/v2\/comments?post=584"}],"version-history":[{"count":0,"href":"https:\/\/blogs.elnortedecastilla.es\/vicentealvarez\/wp-json\/wp\/v2\/posts\/584\/revisions"}],"wp:attachment":[{"href":"https:\/\/blogs.elnortedecastilla.es\/vicentealvarez\/wp-json\/wp\/v2\/media?parent=584"}],"wp:term":[{"taxonomy":"category","embeddable":true,"href":"https:\/\/blogs.elnortedecastilla.es\/vicentealvarez\/wp-json\/wp\/v2\/categories?post=584"},{"taxonomy":"post_tag","embeddable":true,"href":"https:\/\/blogs.elnortedecastilla.es\/vicentealvarez\/wp-json\/wp\/v2\/tags?post=584"}],"curies":[{"name":"wp","href":"https:\/\/api.w.org\/{rel}","templated":true}]}}