{"id":589,"date":"2009-07-23T10:14:00","date_gmt":"2009-07-23T10:14:00","guid":{"rendered":"http:\/\/blogs.elnortedecastilla.es\/vicentealvarez\/?p=589"},"modified":"2009-07-23T10:14:00","modified_gmt":"2009-07-23T10:14:00","slug":"que-me-pasa-doctor","status":"publish","type":"post","link":"https:\/\/blogs.elnortedecastilla.es\/vicentealvarez\/2009\/07\/23\/que-me-pasa-doctor\/","title":{"rendered":"\u00bfQU\u00c9 ME PASA, DOCTOR?"},"content":{"rendered":"<p><IMG class=imgizqda id=img_0 src=\"\/vicentealvarez\/wp-content\/uploads\/sites\/3\">Publicado en El Norte de Castilla el 23 de julio de 2009<\/p>\n<p> <DIV class=p>Leo que la Consejer\u00eda de Sanidad ha contabilizado, en los \u00faltimos doce meses, un total de 86 agresiones contra el personal sanitario de Valladolid. El informe no tiene desperdicio y deber\u00eda de invitarnos a la reflexi\u00f3n. Hablamos de un fen\u00f3meno relativamente nuevo como es el de la agresi\u00f3n a los m\u00e9dicos, un colectivo que siempre hab\u00eda gozado de prestigio social y un innegable aura de respetabilidad. Ahora resulta que en Valladolid cada cuatro d\u00edas se registra una agresi\u00f3n contra un profesional de la Sanidad. En el resto de Espa\u00f1a los datos son similares. En algunos sitios, incluso de forma m\u00e1s grave y contundente. Ya no resulta extra\u00f1o que en los peri\u00f3dicos aparezcan noticias alarmantes en este sentido: ginec\u00f3logo abatido a tiros, psiquiatra asesinado por el padre de un paciente, m\u00e9dico con la nariz rota tras comunicar un fallecimiento&#8230; Dice el informe, entre otras muchas cosas, que siete de cada diez agresiones son causadas por los enfermos, que hay m\u00e1s peligro en Atenci\u00f3n Especializada que en Primaria y que son m\u00e1s los hombres que agreden y m\u00e1s las mujeres agredidas (sobre todo, enfermeras). Las causas de la agresi\u00f3n suelen ser dispares. Tienen que ver con exigencias no satisfechas del paciente (en ocasiones la negativa a certificar una baja o a prescribir un medicamento), la masificaci\u00f3n en las salas de espera y, en menor medida, el que el m\u00e9dico sea transmisor de malas noticias, las discrepancias sobre la necesidad de un ingreso o que el paciente quiere saltarse su turno. Y es que la gente se pone muy nerviosa en la sala de espera del m\u00e9dico. A muchos no les importa esperar dos horas para comprar una entrada de f\u00fatbol o de un concierto, aguardar un buen tiempo en la peluquer\u00eda, en el cine, en Tr\u00e1fico o en Hacienda, incluso esperar quince d\u00edas a que te conteste el Servicio de Atenci\u00f3n al Cliente de una empresa de telefon\u00eda. En cambio, esperar una hora o dos en la consulta de un m\u00e9dico saca lo peor de algunas personas. De todas formas, el aumento exagerado de agresiones contra el personal m\u00e9dico tiene mucho m\u00e1s que ver con problemas de falta de educaci\u00f3n y civismo, de principios y de \u00e9tica, y con un animalismo y violencia que poco a poco parece instalarse en la sociedad desde muy tempranas edades. Por supuesto, los factores de riesgo parten en ocasiones de las deficiencias del sistema sanitario y de la escasez de personal. Tanto recorte del Estado del bienestar y tanta semi-privatizaci\u00f3n tiene que acabar estallando por alguna parte. Un suceso de hace unos d\u00edas, la muerte del peque\u00f1o Rayan, ha puesto sobre el tapete muchos de estos temas. Con ellos, los neocon afilan sus cuchillos para cargarse un modelo sanitario que hasta hace bien poco era envidiado por casi todo el mundo. El que muchos pensemos que la salud y la asistencia para todos s\u00f3lo puede garantizarla un sistema p\u00fablico fuerte algunos no lo entienden. Y aprovechan un error o grieta en el sistema para soltar sus coces distintivas. Si no hacemos algo al respecto, visitar al doctor para que nos cuente qu\u00e9 nos pasa y para descubrirle nuestras verg\u00fcenzas puede que no sea tan \u00edntimo c\u00f3mo debiera. Quiz\u00e1 nuestro m\u00e9dico de cabecera nos reciba con un guardaespaldas. O puede ser peor. Puede que tengamos que acabar tirando de VISA. <\/DIV><\/p>\n","protected":false},"excerpt":{"rendered":"<p>Publicado en El Norte de Castilla el 23 de julio de 2009 Leo que la Consejer\u00eda de Sanidad ha contabilizado, en los \u00faltimos doce meses, un total de 86 agresiones contra el personal sanitario de Valladolid. El informe no tiene desperdicio y deber\u00eda de invitarnos a la reflexi\u00f3n. Hablamos de un fen\u00f3meno relativamente nuevo como [&hellip;]<\/p>\n","protected":false},"author":4,"featured_media":0,"comment_status":"open","ping_status":"closed","sticky":false,"template":"","format":"standard","meta":[],"categories":[7],"tags":[],"_links":{"self":[{"href":"https:\/\/blogs.elnortedecastilla.es\/vicentealvarez\/wp-json\/wp\/v2\/posts\/589"}],"collection":[{"href":"https:\/\/blogs.elnortedecastilla.es\/vicentealvarez\/wp-json\/wp\/v2\/posts"}],"about":[{"href":"https:\/\/blogs.elnortedecastilla.es\/vicentealvarez\/wp-json\/wp\/v2\/types\/post"}],"author":[{"embeddable":true,"href":"https:\/\/blogs.elnortedecastilla.es\/vicentealvarez\/wp-json\/wp\/v2\/users\/4"}],"replies":[{"embeddable":true,"href":"https:\/\/blogs.elnortedecastilla.es\/vicentealvarez\/wp-json\/wp\/v2\/comments?post=589"}],"version-history":[{"count":0,"href":"https:\/\/blogs.elnortedecastilla.es\/vicentealvarez\/wp-json\/wp\/v2\/posts\/589\/revisions"}],"wp:attachment":[{"href":"https:\/\/blogs.elnortedecastilla.es\/vicentealvarez\/wp-json\/wp\/v2\/media?parent=589"}],"wp:term":[{"taxonomy":"category","embeddable":true,"href":"https:\/\/blogs.elnortedecastilla.es\/vicentealvarez\/wp-json\/wp\/v2\/categories?post=589"},{"taxonomy":"post_tag","embeddable":true,"href":"https:\/\/blogs.elnortedecastilla.es\/vicentealvarez\/wp-json\/wp\/v2\/tags?post=589"}],"curies":[{"name":"wp","href":"https:\/\/api.w.org\/{rel}","templated":true}]}}