{"id":593,"date":"2009-07-30T11:21:00","date_gmt":"2009-07-30T11:21:00","guid":{"rendered":"http:\/\/blogs.elnortedecastilla.es\/vicentealvarez\/?p=593"},"modified":"2009-07-30T11:21:00","modified_gmt":"2009-07-30T11:21:00","slug":"autores-invisibles","status":"publish","type":"post","link":"https:\/\/blogs.elnortedecastilla.es\/vicentealvarez\/2009\/07\/30\/autores-invisibles\/","title":{"rendered":"AUTORES INVISIBLES"},"content":{"rendered":"<p><IMG class=imgizqda id=img_0 height=181 src=\"\/vicentealvarez\/wp-content\/uploads\/sites\/3\" width=274>Publicado en El Norte de Castilla el 30 de julio de 2009<\/p>\n<p> <DIV class=p>Se trata de un artista \u00fanico. Un agitador, un hombre del Renacimiento, un inconformista que no se cansa de repetir las mismas quejas contra el aborregamiento que no cesa. Alguien que resulta muy molesto para la adocenada \u00e9poca en la que vivimos. Hace unos d\u00edas, Luis Eduardo Aute se lament\u00f3 amargamente del ninguneo al que le someten los medios de comunicaci\u00f3n y reconoci\u00f3 sentirse dolido al comprobar que, tras dedicar a\u00f1os de su vida a un trabajo, nadie le presta atenci\u00f3n. Confes\u00f3 que le molestaba especialmente la indiferencia, el ver que un artista realiza un trabajo y nadie se hace eco de ello. \u00abDuele mucho ver que no existes. Prefiero que me peguen un palo a que me ignoren\u00bb. A Aute le mata el comprobar que sus \u00faltimos lanzamientos han tenido menos repercusi\u00f3n que un remake de la Carta de Ajuste. Y eso que hablamos de que, en pocos meses, ha cerrado una trilog\u00eda (&#8216;Auterretratos&#8217;) donde ha revisado cien canciones de su inmensa obra, y ha lanzado al mercado &#8216;Memorable cuerpo&#8217;, una edici\u00f3n especial que incluye siete ced\u00e9s, un DVD con dos conciertos in\u00e9ditos, un libro de 84 p\u00e1ginas con fotos y reproducciones de su obra gr\u00e1fica y una &#8216;boligraf\u00eda&#8217; firmada por el autor. Pero es que, no mucho antes, Aute hab\u00eda lanzado al mercado un par de &#8216;libros-objeto&#8217; (&#8216;AnimaLhada&#8217; y &#8216;AnimaLhito&#8217;) cargados de encantadores textos breves, juegos de palabras, poemigas, dos discos con canciones in\u00e9ditas y un DVD con animaciones de dibujos propios. De todo ello casi nadie se ha enterado porque la maquinaria discogr\u00e1fica y publicitaria estaba pendiente del \u00faltimo lanzamiento de los Jonas Brothers, del retorno de Britney Spears o de la nueva edici\u00f3n de &#8216;Operaci\u00f3n Triunfo&#8217;. A pesar de todo, Aute reconoce ser un privilegiado y se siente bien tratado por los medios aunque denuncia que muchos otros artistas no corren la misma suerte. Ya no habla de periodismo. Ni siquiera de amarillismo. Habla de circo. <\/DIV> <DIV class=p>El mismo circo que rige en todos los \u00e1mbitos art\u00edsticos y en el que un jefe de pista decide desde su torre de marfil qu\u00e9 es lo que se va a escuchar, ver o leer en el planeta. \u00bfAlguien se ha parado a pensar la cantidad de pel\u00edculas maravillosas que nos estaremos perdiendo s\u00f3lo porque las productoras americanas copan la totalidad de los mercados? Ocurre en todas partes. El otro d\u00eda escuch\u00e9 las quejas de algunos viticultores por el despliegue informativo que los medios dedicaban a las incursiones en el mundo del vino de personajes famosos: \u00abLes hacen publicidad gratuita y a nosotros ni nos conocen\u00bb. Lo mismo sucede en la literatura. Las editoriales pagan para que sus t\u00edtulos aparezcan en las selecciones de bestsellers de las grandes superficies, publicitan ad nauseam los libros de Nuria Roca y de &#8216;El Hormiguero&#8217; y, mientras tanto, nadie habla de, por poner un ejemplo, &#8216;Hay un mill\u00f3n de razas&#8217;, la novela m\u00e1s hipn\u00f3tica y fascinante escrita en el \u00faltimo a\u00f1o. \u00bfAlguien se hab\u00eda enterado? Imagino que muchos de estos autores invisibles alg\u00fan d\u00eda saldr\u00e1n a la luz y se har\u00e1n famosos. Veremos entonces algo tan repugnante como a la Esperanza Aguirre de turno quit\u00e1ndose el maillot amarillo de Alberto Contador y poni\u00e9ndose el traje de intelectual o de abnegada mecenas. Cualquier cosa por salir en la foto. <\/DIV><\/p>\n","protected":false},"excerpt":{"rendered":"<p>Publicado en El Norte de Castilla el 30 de julio de 2009 Se trata de un artista \u00fanico. Un agitador, un hombre del Renacimiento, un inconformista que no se cansa de repetir las mismas quejas contra el aborregamiento que no cesa. Alguien que resulta muy molesto para la adocenada \u00e9poca en la que vivimos. Hace [&hellip;]<\/p>\n","protected":false},"author":4,"featured_media":0,"comment_status":"open","ping_status":"closed","sticky":false,"template":"","format":"standard","meta":[],"categories":[7],"tags":[30],"_links":{"self":[{"href":"https:\/\/blogs.elnortedecastilla.es\/vicentealvarez\/wp-json\/wp\/v2\/posts\/593"}],"collection":[{"href":"https:\/\/blogs.elnortedecastilla.es\/vicentealvarez\/wp-json\/wp\/v2\/posts"}],"about":[{"href":"https:\/\/blogs.elnortedecastilla.es\/vicentealvarez\/wp-json\/wp\/v2\/types\/post"}],"author":[{"embeddable":true,"href":"https:\/\/blogs.elnortedecastilla.es\/vicentealvarez\/wp-json\/wp\/v2\/users\/4"}],"replies":[{"embeddable":true,"href":"https:\/\/blogs.elnortedecastilla.es\/vicentealvarez\/wp-json\/wp\/v2\/comments?post=593"}],"version-history":[{"count":0,"href":"https:\/\/blogs.elnortedecastilla.es\/vicentealvarez\/wp-json\/wp\/v2\/posts\/593\/revisions"}],"wp:attachment":[{"href":"https:\/\/blogs.elnortedecastilla.es\/vicentealvarez\/wp-json\/wp\/v2\/media?parent=593"}],"wp:term":[{"taxonomy":"category","embeddable":true,"href":"https:\/\/blogs.elnortedecastilla.es\/vicentealvarez\/wp-json\/wp\/v2\/categories?post=593"},{"taxonomy":"post_tag","embeddable":true,"href":"https:\/\/blogs.elnortedecastilla.es\/vicentealvarez\/wp-json\/wp\/v2\/tags?post=593"}],"curies":[{"name":"wp","href":"https:\/\/api.w.org\/{rel}","templated":true}]}}