{"id":598,"date":"2009-08-26T10:50:00","date_gmt":"2009-08-26T10:50:00","guid":{"rendered":"http:\/\/blogs.elnortedecastilla.es\/vicentealvarez\/?p=598"},"modified":"2009-08-26T10:50:00","modified_gmt":"2009-08-26T10:50:00","slug":"cosas-hay-la-luz","status":"publish","type":"post","link":"https:\/\/blogs.elnortedecastilla.es\/vicentealvarez\/2009\/08\/26\/cosas-hay-la-luz\/","title":{"rendered":"COSAS QUE HAY EN LA LUZ"},"content":{"rendered":"<p><P class=MsoNormal style=\"MARGIN: 0cm 0cm 0pt\"><SPAN style=\"FONT-SIZE: 10pt; FONT-FAMILY: Arial; mso-bidi-font-family: TradeGothic-CondEighteen\">El pasado domingo, la Villa del Libro de Urue\u00f1a dedic\u00f3 un merecido homenaje al poeta Eduardo Fraile. Para m\u00ed fue un verdadero honor presentar el encuentro po\u00e9tico y volverme a encontrar con Eduardo Fraile y sus poemas, unos poemas que bucean sobretodo en los recuerdos de la infancia y que se leen como si fuesen cuentos. Dejo un regalo del Proust del Pisuerga en forma de poema-lista que est\u00e1 entre mis favoritos (pertenece al libro \u201cTeor\u00eda de la luz\u201d,un poemario fascinante, hipn\u00f3tico y conmovedor editado por Dif\u00e1cil).<?xml:namespace prefix = o ns = \"urn:schemas-microsoft-com:office:office\" \/><o:p><\/o:p><\/SPAN><\/p>\n<p><IMG class=imgcen id=img_0 height=277 src=\"\/vicentealvarez\/wp-content\/uploads\/sites\/3\" width=219>  <P class=MsoNormal style=\"MARGIN: 0cm 0cm 0pt; mso-layout-grid-align: none\"><SPAN style=\"FONT-SIZE: 10pt; FONT-FAMILY: Arial; mso-bidi-font-family: TradeGothic-CondEighteen\">COSAS QUE HAY EN LA LUZ<o:p><\/o:p><\/SPAN><\/p>\n<p> <P class=MsoNormal style=\"MARGIN: 0cm 0cm 0pt; mso-layout-grid-align: none\"><SPAN style=\"FONT-SIZE: 10pt; FONT-FAMILY: Arial; mso-bidi-font-family: TradeGothic-CondEighteen\">1. En la luz (contra la luz) se hacen la manicura y se afilan el bigote los gatos de<o:p><\/o:p><\/SPAN><\/p>\n<p> <P class=MsoNormal style=\"MARGIN: 0cm 0cm 0pt; mso-layout-grid-align: none\"><SPAN style=\"FONT-SIZE: 10pt; FONT-FAMILY: Arial; mso-bidi-font-family: TradeGothic-CondEighteen\">Francis Ford Coppola. 2. Por la luz van volando, cogidos de la mano, los amantes y las<o:p><\/o:p><\/SPAN><\/p>\n<p> <P class=MsoNormal style=\"MARGIN: 0cm 0cm 0pt; mso-layout-grid-align: none\"><SPAN style=\"FONT-SIZE: 10pt; FONT-FAMILY: Arial; mso-bidi-font-family: TradeGothic-CondEighteen\">vacas de Chagall. 3. Un puente de Santiago Calatrava cruza la luz de parte a parte<o:p><\/o:p><\/SPAN><\/p>\n<p> <P class=MsoNormal style=\"MARGIN: 0cm 0cm 0pt; mso-layout-grid-align: none\"><SPAN style=\"FONT-SIZE: 10pt; FONT-FAMILY: Arial; mso-bidi-font-family: TradeGothic-CondEighteen\">sin apoyarse en nada. 4. En la luz hecha m\u00fasica de la prosa de Proust, Gilberta Swann<o:p><\/o:p><\/SPAN><\/p>\n<p> <P class=MsoNormal style=\"MARGIN: 0cm 0cm 0pt; mso-layout-grid-align: none\"><SPAN style=\"FONT-SIZE: 10pt; FONT-FAMILY: Arial; mso-bidi-font-family: TradeGothic-CondEighteen\">juega a la comba con el arco iris. 5. Por la luz pasa un \u00e1ngel, perseguido de cerca<o:p><\/o:p><\/SPAN><\/p>\n<p> <P class=MsoNormal style=\"MARGIN: 0cm 0cm 0pt; mso-layout-grid-align: none\"><SPAN style=\"FONT-SIZE: 10pt; FONT-FAMILY: Arial; mso-bidi-font-family: TradeGothic-CondEighteen\">por San Juan de la Cruz. 6. La luz tiene motivos para estar celosa. 7. En la luz (con la<o:p><\/o:p><\/SPAN><\/p>\n<p> <P class=MsoNormal style=\"MARGIN: 0cm 0cm 0pt; mso-layout-grid-align: none\"><SPAN style=\"FONT-SIZE: 10pt; FONT-FAMILY: Arial; mso-bidi-font-family: TradeGothic-CondEighteen\">luz) Ann Smiley sigue haciendo de las suyas. 8. Hay en la luz una manzana de oro que<o:p><\/o:p><\/SPAN><\/p>\n<p> <P class=MsoNormal style=\"MARGIN: 0cm 0cm 0pt; mso-layout-grid-align: none\"><SPAN style=\"FONT-SIZE: 10pt; FONT-FAMILY: Arial; mso-bidi-font-family: TradeGothic-CondEighteen\">pende sin piedad sobre el sue\u00f1o de Newton. 9. La luz es la m\u00fasica del tiempo. 10. En<o:p><\/o:p><\/SPAN><\/p>\n<p> <P class=MsoNormal style=\"MARGIN: 0cm 0cm 0pt; mso-layout-grid-align: none\"><SPAN style=\"FONT-SIZE: 10pt; FONT-FAMILY: Arial; mso-bidi-font-family: TradeGothic-CondEighteen\">la luz hay ciudades invisibles que abren sus puertas como se abre una flor. 11. Veo<o:p><\/o:p><\/SPAN><\/p>\n<p> <P class=MsoNormal style=\"MARGIN: 0cm 0cm 0pt; mso-layout-grid-align: none\"><SPAN style=\"FONT-SIZE: 10pt; FONT-FAMILY: Arial; mso-bidi-font-family: TradeGothic-CondEighteen\">a Naus\u00edcaa ba\u00f1\u00e1ndose desnuda en la luz de cada instante. 12. La luz respira por los<o:p><\/o:p><\/SPAN><\/p>\n<p> <P class=MsoNormal style=\"MARGIN: 0cm 0cm 0pt; mso-layout-grid-align: none\"><SPAN style=\"FONT-SIZE: 10pt; FONT-FAMILY: Arial; mso-bidi-font-family: TradeGothic-CondEighteen\">agujeros de los libros de Francisco Pino. 13. En la pizarra de la luz escribe mi primera<o:p><\/o:p><\/SPAN><\/p>\n<p> <P class=MsoNormal style=\"MARGIN: 0cm 0cm 0pt; mso-layout-grid-align: none\"><SPAN style=\"FONT-SIZE: 10pt; FONT-FAMILY: Arial; mso-bidi-font-family: TradeGothic-CondEighteen\">maestra (Liceo San Fernando, calle San Telesforo, 10, Madrid) su nombre con una tiza<o:p><\/o:p><\/SPAN><\/p>\n<p> <P class=MsoNormal style=\"MARGIN: 0cm 0cm 0pt; mso-layout-grid-align: none\"><SPAN style=\"FONT-SIZE: 10pt; FONT-FAMILY: Arial; mso-bidi-font-family: TradeGothic-CondEighteen\">malva, y me enamoro. <\/SPAN><I><SPAN style=\"FONT-SIZE: 10pt; FONT-FAMILY: Arial; mso-bidi-font-family: TradeGothic-CondEighteenObl\">C\u00f3mo era, Dios m\u00edo, c\u00f3mo era<\/SPAN><\/I><SPAN style=\"FONT-SIZE: 10pt; FONT-FAMILY: Arial; mso-bidi-font-family: TradeGothic-CondEighteen\">. 14. La luz se bru\u00f1e en el yelmo de<o:p><\/o:p><\/SPAN><\/p>\n<p> <P class=MsoNormal style=\"MARGIN: 0cm 0cm 0pt; mso-layout-grid-align: none\"><SPAN style=\"FONT-SIZE: 10pt; FONT-FAMILY: Arial; mso-bidi-font-family: TradeGothic-CondEighteen\">Mambrino. 15. Y un avi\u00f3n de madera pilotado por tres ni\u00f1as guap\u00edsimas que cayeron<o:p><\/o:p><\/SPAN><\/p>\n<p> <P class=MsoNormal style=\"MARGIN: 0cm 0cm 0pt; mso-layout-grid-align: none\"><SPAN style=\"FONT-SIZE: 10pt; FONT-FAMILY: Arial; mso-bidi-font-family: TradeGothic-CondEighteen\">del cielo el invierno de la gran nevada. Ten\u00edamos nueve a\u00f1os. Lo construimos para<o:p><\/o:p><\/SPAN><\/p>\n<p> <P class=MsoNormal style=\"MARGIN: 0cm 0cm 0pt; mso-layout-grid-align: none\"><SPAN style=\"FONT-SIZE: 10pt; FONT-FAMILY: Arial; mso-bidi-font-family: TradeGothic-CondEighteen\">que pudieran volver. 16. No nos hemos repuesto de su luz, de su belleza, todav\u00eda. 17.<o:p><\/o:p><\/SPAN><\/p>\n<p> <P class=MsoNormal style=\"MARGIN: 0cm 0cm 0pt; mso-layout-grid-align: none\"><SPAN style=\"FONT-SIZE: 10pt; FONT-FAMILY: Arial; mso-bidi-font-family: TradeGothic-CondEighteen\">Unas gafas de montura de oro y una m\u00e1quina de escribir marca Royal, propiedad de<o:p><\/o:p><\/SPAN><\/p>\n<p> <P class=MsoNormal style=\"MARGIN: 0cm 0cm 0pt; mso-layout-grid-align: none\"><SPAN style=\"FONT-SIZE: 10pt; FONT-FAMILY: Arial; mso-bidi-font-family: TradeGothic-CondEighteen\">Fernando Pessoa. 18. Justo Alejo del Aire. 19. Los vol\u00e1tiles del Beato Ang\u00e9lico. 20. En<o:p><\/o:p><\/SPAN><\/p>\n<p> <P class=MsoNormal style=\"MARGIN: 0cm 0cm 0pt; mso-layout-grid-align: none\"><SPAN style=\"FONT-SIZE: 10pt; FONT-FAMILY: Arial; mso-bidi-font-family: TradeGothic-CondEighteen\">la luz est\u00e1 la luz de su mirada m\u00e1s m\u00eda, y su voz como un agua fresqu\u00edsima que sacia<o:p><\/o:p><\/SPAN><\/p>\n<p> <P class=MsoNormal style=\"MARGIN: 0cm 0cm 0pt; mso-layout-grid-align: none\"><SPAN style=\"FONT-SIZE: 10pt; FONT-FAMILY: Arial; mso-bidi-font-family: TradeGothic-CondEighteen\">y que da sed, y su piel sonri\u00e9ndome. 21. H\u00e1gase en m\u00ed tu luz. Y 22. Pesar sobre ti como<o:p><\/o:p><\/SPAN><\/p>\n<p> <P class=MsoNormal style=\"MARGIN: 0cm 0cm 0pt; mso-layout-grid-align: none\"><SPAN style=\"FONT-SIZE: 10pt; FONT-FAMILY: Arial; mso-bidi-font-family: TradeGothic-CondEighteen\">pesa la luz sobre el espacio y el tiempo: las alas elevadas al cuadrado (del aire), por<o:p><\/o:p><\/SPAN><\/p>\n<p> <P class=MsoNormal style=\"MARGIN: 0cm 0cm 0pt\"><SPAN style=\"FONT-SIZE: 10pt; FONT-FAMILY: Arial; mso-bidi-font-family: TradeGothic-CondEighteen\">el deseo, entre dos.<o:p><\/o:p><\/SPAN><\/p>\n<p> <P class=MsoNormal style=\"MARGIN: 0cm 0cm 0pt\"><SPAN style=\"FONT-SIZE: 10pt; FONT-FAMILY: Arial; mso-bidi-font-family: TradeGothic-CondEighteen\"><o:p> <\/o:p><\/SPAN><\/p>\n<p> <P class=MsoNormal style=\"MARGIN: 0cm 0cm 0pt; mso-layout-grid-align: none\"><\/p>\n","protected":false},"excerpt":{"rendered":"<p>El pasado domingo, la Villa del Libro de Urue\u00f1a dedic\u00f3 un merecido homenaje al poeta Eduardo Fraile. Para m\u00ed fue un verdadero honor presentar el encuentro po\u00e9tico y volverme a encontrar con Eduardo Fraile y sus poemas, unos poemas que bucean sobretodo en los recuerdos de la infancia y que se leen como si fuesen [&hellip;]<\/p>\n","protected":false},"author":4,"featured_media":0,"comment_status":"open","ping_status":"closed","sticky":false,"template":"","format":"standard","meta":[],"categories":[3],"tags":[62],"_links":{"self":[{"href":"https:\/\/blogs.elnortedecastilla.es\/vicentealvarez\/wp-json\/wp\/v2\/posts\/598"}],"collection":[{"href":"https:\/\/blogs.elnortedecastilla.es\/vicentealvarez\/wp-json\/wp\/v2\/posts"}],"about":[{"href":"https:\/\/blogs.elnortedecastilla.es\/vicentealvarez\/wp-json\/wp\/v2\/types\/post"}],"author":[{"embeddable":true,"href":"https:\/\/blogs.elnortedecastilla.es\/vicentealvarez\/wp-json\/wp\/v2\/users\/4"}],"replies":[{"embeddable":true,"href":"https:\/\/blogs.elnortedecastilla.es\/vicentealvarez\/wp-json\/wp\/v2\/comments?post=598"}],"version-history":[{"count":0,"href":"https:\/\/blogs.elnortedecastilla.es\/vicentealvarez\/wp-json\/wp\/v2\/posts\/598\/revisions"}],"wp:attachment":[{"href":"https:\/\/blogs.elnortedecastilla.es\/vicentealvarez\/wp-json\/wp\/v2\/media?parent=598"}],"wp:term":[{"taxonomy":"category","embeddable":true,"href":"https:\/\/blogs.elnortedecastilla.es\/vicentealvarez\/wp-json\/wp\/v2\/categories?post=598"},{"taxonomy":"post_tag","embeddable":true,"href":"https:\/\/blogs.elnortedecastilla.es\/vicentealvarez\/wp-json\/wp\/v2\/tags?post=598"}],"curies":[{"name":"wp","href":"https:\/\/api.w.org\/{rel}","templated":true}]}}