{"id":612,"date":"2009-10-01T10:57:00","date_gmt":"2009-10-01T10:57:00","guid":{"rendered":"http:\/\/blogs.elnortedecastilla.es\/vicentealvarez\/?p=612"},"modified":"2009-10-01T10:57:00","modified_gmt":"2009-10-01T10:57:00","slug":"la-n-inspiradora","status":"publish","type":"post","link":"https:\/\/blogs.elnortedecastilla.es\/vicentealvarez\/2009\/10\/01\/la-n-inspiradora\/","title":{"rendered":"LA \u00d1 INSPIRADORA"},"content":{"rendered":"<p><IMG class=imgizqda id=img_1 style=\"WIDTH: 266px; HEIGHT: 352px\" height=254 src=\"\/vicentealvarez\/wp-content\/uploads\/sites\/3\" width=271>Publicado en El Norte de Castilla el 1 de octubre de 2009<\/p>\n<p> <P class=MsoNormal style=\"MARGIN: 0cm 0cm 0pt; LINE-HEIGHT: 13.5pt\"><SPAN style=\"FONT-SIZE: 10pt; FONT-FAMILY: Arial; mso-bidi-font-family: Arial\">\u201cEcho de menos tiempos futuros\u00bb, fue la contestaci\u00f3n que dio una divertida y l\u00facida Ana Mar\u00eda Matute a la pregunta de si echaba de menos tiempos pasados. Esa fue una de las muchas perlas que se pudieron escuchar en el Hay Festival de Segovia durante el pasado fin de semana. <?xml:namespace prefix = o ns = \"urn:schemas-microsoft-com:office:office\" \/><o:p><\/o:p><\/SPAN><\/p>\n<p> <P class=MsoNormal style=\"MARGIN: 0cm 0cm 0pt; LINE-HEIGHT: 13.5pt\"><SPAN style=\"FONT-SIZE: 10pt; FONT-FAMILY: Arial; mso-bidi-font-family: Arial\">Bill Clinton calific\u00f3 en su d\u00eda el Hay Festival como el Woodstock de la mente. Hablamos de un festival literario y art\u00edstico que naci\u00f3 hace m\u00e1s de 20 a\u00f1os en Hay-on-Wye, una poblaci\u00f3n de Gales de apenas 1.500 habitantes conocida como la ciudad de los libros ya que cuenta con 41 librer\u00edas. Durante todo estos a\u00f1os, los mejores escritores, cineastas, m\u00fasicos y artistas han pasado por all\u00ed, y ha sido tal el \u00e9xito obtenido que ha comenzado a organizarse por todos los rincones del planeta, estableci\u00e9ndose subsedes en muy distintos pa\u00edses del mundo. En Segovia, desde hace cuatro a\u00f1os, tiene lugar un Hay Festival perfecto para disfrutar de cuatro d\u00edas de conversaci\u00f3n, cochinillo y la mejor m\u00fasica. Este a\u00f1o ha habido actividades de todo tipo repartidas en 62 eventos. Un verdadero y aut\u00e9ntico derroche de inquietud y pasi\u00f3n por la palabra y la creaci\u00f3n capaces de convertir a la ciudad del Acueducto en la verdadera capital de la literatura. Porque el Hay Festival es, sobre todo, una fiesta con autores que llegan de muy variados lugares y pasean con toda naturalidad por las calles de Segovia. En cualquier rinc\u00f3n te puedes encontrar a alguno de ellos. Este a\u00f1o han desfilado gente como Luis Goytisolo, Monica Ali, Claudio Magris, \u00c1lvaro Pombo, Ana Mar\u00eda Matute y Martin Amis, entre otros muchos. En cuatro d\u00edas intensos ha habido tiempo para citarnos con las notas musicales de Philip Glass, Russian Red o Courtney Pine. Tambi\u00e9n para enredarnos en una interesante programaci\u00f3n de artes visuales, exposiciones de fotograf\u00eda, talleres literarios, proyecci\u00f3n de pel\u00edculas, catas de vinos, visitas guiadas por <?xml:namespace prefix = st1 ns = \"urn:schemas-microsoft-com:office:smarttags\" \/><st1:PersonName ProductID=\"la Segovia\" w:st=\"on\">la Segovia<\/st1:PersonName> de Antonio Machado, mesas redondas de todo tipo, conversaciones en llamas de cineastas consagrados como David Trueba e Isabel Coixet (ejerciendo m\u00e1s que nunca como literatos) y un largo etc\u00e9tera. Eso sin olvidar el Hay Festivalito, con una programaci\u00f3n espec\u00edfica para los ni\u00f1os, con talleres de magia, vampiros, fantasmas, muerdep\u00e1ginas y visitas muy especiales a templetes m\u00e1gicos donde habitan personajes como Blancanieves o Caperucita Roja. Pero lo m\u00e1s destacado y rese\u00f1able de todo ha sido el reencuentro con amigos, hasta el punto de convertirse Segovia durante un par de d\u00edas en una especie de sucursal de <st1:PersonName ProductID=\"la Valladolid\" w:st=\"on\">la Valladolid<\/st1:PersonName> literaria. Se supone, en fin, que uno hab\u00eda asistido a la fiesta de los libros con el compromiso de participar en una mesa redonda formada por autores de Castilla y Le\u00f3n bajo el po\u00e9tico y desconcertante t\u00edtulo de &#8216;La \u00d1 inspiradora&#8217;. Lo mejor: el haber conocido y haber sido fotografiado por el m\u00edtico Daniel Mordzinski, un tipo cuyas fotograf\u00edas me han enamorado y acompa\u00f1ado desde siempre. Lo peor del encuentro: volver a caer en la trampa y tener, una vez m\u00e1s, que lanzarme al ruedo a defender a capa y espada (no hay mejor forma de hacerlo) la novela de g\u00e9nero. Parece que, a estas alturas, todav\u00eda no me he dado cuenta de que es una batalla perdida. Ni aunque tenga de mi lado a D&#8217;Artagnan. <o:p><\/o:p><\/SPAN><\/p>\n","protected":false},"excerpt":{"rendered":"<p>Publicado en El Norte de Castilla el 1 de octubre de 2009 \u201cEcho de menos tiempos futuros\u00bb, fue la contestaci\u00f3n que dio una divertida y l\u00facida Ana Mar\u00eda Matute a la pregunta de si echaba de menos tiempos pasados. Esa fue una de las muchas perlas que se pudieron escuchar en el Hay Festival de [&hellip;]<\/p>\n","protected":false},"author":4,"featured_media":0,"comment_status":"open","ping_status":"closed","sticky":false,"template":"","format":"standard","meta":[],"categories":[7],"tags":[79],"_links":{"self":[{"href":"https:\/\/blogs.elnortedecastilla.es\/vicentealvarez\/wp-json\/wp\/v2\/posts\/612"}],"collection":[{"href":"https:\/\/blogs.elnortedecastilla.es\/vicentealvarez\/wp-json\/wp\/v2\/posts"}],"about":[{"href":"https:\/\/blogs.elnortedecastilla.es\/vicentealvarez\/wp-json\/wp\/v2\/types\/post"}],"author":[{"embeddable":true,"href":"https:\/\/blogs.elnortedecastilla.es\/vicentealvarez\/wp-json\/wp\/v2\/users\/4"}],"replies":[{"embeddable":true,"href":"https:\/\/blogs.elnortedecastilla.es\/vicentealvarez\/wp-json\/wp\/v2\/comments?post=612"}],"version-history":[{"count":0,"href":"https:\/\/blogs.elnortedecastilla.es\/vicentealvarez\/wp-json\/wp\/v2\/posts\/612\/revisions"}],"wp:attachment":[{"href":"https:\/\/blogs.elnortedecastilla.es\/vicentealvarez\/wp-json\/wp\/v2\/media?parent=612"}],"wp:term":[{"taxonomy":"category","embeddable":true,"href":"https:\/\/blogs.elnortedecastilla.es\/vicentealvarez\/wp-json\/wp\/v2\/categories?post=612"},{"taxonomy":"post_tag","embeddable":true,"href":"https:\/\/blogs.elnortedecastilla.es\/vicentealvarez\/wp-json\/wp\/v2\/tags?post=612"}],"curies":[{"name":"wp","href":"https:\/\/api.w.org\/{rel}","templated":true}]}}