{"id":616,"date":"2009-10-15T10:46:00","date_gmt":"2009-10-15T10:46:00","guid":{"rendered":"http:\/\/blogs.elnortedecastilla.es\/vicentealvarez\/?p=616"},"modified":"2009-10-15T10:46:00","modified_gmt":"2009-10-15T10:46:00","slug":"muerte-un-ciclista","status":"publish","type":"post","link":"https:\/\/blogs.elnortedecastilla.es\/vicentealvarez\/2009\/10\/15\/muerte-un-ciclista\/","title":{"rendered":"MUERTE DE UN CICLISTA"},"content":{"rendered":"<p><IMG class=imgizqda id=img_0 style=\"WIDTH: 230px; HEIGHT: 372px\" height=434 src=\"\/vicentealvarez\/wp-content\/uploads\/sites\/3\" width=294>Publicado en El Norte de Castilla el 15 de octubre de 2009<\/p>\n<p> <DIV class=p id=story-texto> <DIV class=p>Hace a\u00f1os escrib\u00ed que al martirologio del ciclismo moderno, tras las desdichadas desapariciones del Chava Jim\u00e9nez y de Pantani, s\u00f3lo le faltaba una muerte. Todos los que estaban metidos en el mundillo sab\u00edan qui\u00e9n iba a ser el siguiente. En efecto, el gran Frank Vandenbroucke muri\u00f3 el pasado lunes en Senegal v\u00edctima de una embolia a la edad de 34 a\u00f1os. Tal vez muchos desconozcan su nombre y, sin embargo, ha sido el ciclista m\u00e1s espectacular, portentoso, genial y desequilibrante de los \u00faltimos 25 a\u00f1os. Tambi\u00e9n el m\u00e1s problem\u00e1tico, fr\u00e1gil, inmaduro y desequilibrado. Por eso su palmar\u00e9s es raqu\u00edtico para lo que pod\u00eda haber sido. \u00abGanar\u00e9 un Tour\u00bb, dijo con 20 a\u00f1os. Pod\u00eda haber ganado lo que hubiese querido pero su loca cabeza y un maldito entorno tir\u00f3 todo por la borda. El mundo estaba a sus pies. Era Dios, aunque las memorias que public\u00f3 no hace mucho se titularan, precisamente, &#8216;No soy Dios&#8217;. Sin embargo, en B\u00e9lgica, pa\u00eds donde el ciclismo es casi una religi\u00f3n, sab\u00edan que VDB era el Mes\u00edas prometido. <\/DIV> <DIV class=p>Todo sucedi\u00f3 de una forma muy distinta y las primeras y espectaculares victorias dieron paso a un carrusel de esc\u00e1ndalos. Un compa\u00f1ero de equipo comenz\u00f3 a pasarle f\u00e1rmacos y pronto \u00ablas pastillas se convirtieron en una rutina\u00bb. El \u00e1ngel en el que todos ve\u00edan al nuevo Eddy Merckx se transform\u00f3 en un yonqui de las anfetaminas, los somn\u00edferos y el valium. Por entonces conoci\u00f3 al siniestro doctor Mabuse quien, al ser pillado con hormonas, EPO y clembuterol, confes\u00f3 que eran para VDB. Fue el comienzo del final. Tratamientos psiqui\u00e1tricos, cl\u00ednicas de desintoxicaci\u00f3n y multas por conducir ebrio por las calles de Bruselas. Fue detenido cuando comenz\u00f3 a disparar con una escopeta de caza tras discutir con su mujer y, finalmente, intent\u00f3 suicidarse aunque su madre lo encontr\u00f3 a tiempo. Su \u00faltima locura fue falsificar una licencia para disputar una carrera amateur en Italia. Se inscribi\u00f3 como Francesco del Ponte (su nombre italianizado) y utiliz\u00f3 una foto de Tom Boonen. Cuando quedaba un kil\u00f3metro para finalizar la carrera, y era l\u00edder destacado, dio media vuelta y se march\u00f3 a casa. Fue un personaje \u00fanico, un icono, un ciclista sin triunfos que vol\u00f3 por las carreteras labrando un mito que \u00e9l mismo se empe\u00f1\u00f3 en destrozar. Yo, desde luego, no he conocido en el ciclismo de los \u00faltimos tiempos mayores exhibiciones que las de Frankie en la Lieja-Bastogne-Lieja de 1999 y, sobre todo, en la etapa de \u00c1vila de la Vuelta de ese mismo a\u00f1o cuando destroz\u00f3 a todo un pelot\u00f3n en el puerto de Navalmoral. Menos de diez <IMG class=imgdcha id=img_3 style=\"WIDTH: 119px; HEIGHT: 159px\" height=281 src=\"\/vicentealvarez\/wp-content\/uploads\/sites\/3\" width=173>corredores aguantaron su rueda. Cuando lleg\u00f3 la subida final a las murallas de \u00c1vila, les acab\u00f3 de reventar. Es la etapa m\u00e1s memorable de las \u00faltimas ediciones de la Vuelta a Espa\u00f1a. Lo que muchos desconocen es que la portentosa exhibici\u00f3n de VDB surgi\u00f3 de un flechazo amoroso. Durante aquella Vuelta, Frankie se enamor\u00f3 locamente de Sarah Pinacci, una preciosa azafata del Saeco. Primero le prometi\u00f3 una victoria de etapa por un beso (y gan\u00f3 en Teruel). Luego le prometi\u00f3 otro victoria por una noche de amor: fue la etapa m\u00edtica de \u00c1vila. Poco tiempo despu\u00e9s se casaron. Eran j\u00f3venes, guapos y ten\u00edan el mundo a sus pies. Despu\u00e9s, lleg\u00f3 el infierno. El lunes pasado, todo termin\u00f3. <\/DIV> <DIV class=p><\/DIV> <DIV class=p><\/DIV> <DIV class=p><\/DIV> <DIV class=p><\/DIV> <DIV class=p><\/DIV><\/DIV><br \/>\n <OBJECT  height=344 width=425><PARAM NAME=\"movie\" VALUE=\"http:\/\/www.youtube.com\/v\/t8MOQuF4_BI&#038;hl=es&#038;fs=1&#038;\"><PARAM NAME=\"allowFullScreen\" VALUE=\"true\"><PARAM NAME=\"allowscriptaccess\" VALUE=\"always\">   <embed       src=\"\/\/www.youtube.com\/v\/t8MOQuF4_BI&#038;hl=es&#038;fs=1&#038;\" type=\"application\/x-shockwave-flash\" allowscriptaccess=\"always\" allowfullscreen=\"true\" width=\"425\" height=\"344\"><\/embed><\/OBJECT><\/p>\n<p> <OBJECT style=\"BORDER-RIGHT: 0px; BORDER-TOP: 0px; BACKGROUND: none transparent scroll repeat 0% 0%; MARGIN: 0px; BORDER-LEFT: 0px; BORDER-BOTTOM: 0px\" height=344 width=425><PARAM NAME=\"movie\" VALUE=\"http:\/\/www.youtube.com\/v\/yFO162E0wVc&#038;hl=es&#038;fs=1&#038;\"><PARAM NAME=\"allowFullScreen\" VALUE=\"true\"><PARAM NAME=\"allowscriptaccess\" VALUE=\"always\"> <embed   src=\"\/\/www.youtube.com\/v\/yFO162E0wVc&#038;hl=es&#038;fs=1&#038;\" type=\"application\/x-shockwave-flash\" allowscriptaccess=\"always\" allowfullscreen=\"true\" width=\"425\" height=\"344\"><\/embed><\/OBJECT><\/p>\n","protected":false},"excerpt":{"rendered":"<p>Publicado en El Norte de Castilla el 15 de octubre de 2009 Hace a\u00f1os escrib\u00ed que al martirologio del ciclismo moderno, tras las desdichadas desapariciones del Chava Jim\u00e9nez y de Pantani, s\u00f3lo le faltaba una muerte. Todos los que estaban metidos en el mundillo sab\u00edan qui\u00e9n iba a ser el siguiente. En efecto, el gran [&hellip;]<\/p>\n","protected":false},"author":4,"featured_media":0,"comment_status":"open","ping_status":"closed","sticky":false,"template":"","format":"standard","meta":[],"categories":[7],"tags":[49],"_links":{"self":[{"href":"https:\/\/blogs.elnortedecastilla.es\/vicentealvarez\/wp-json\/wp\/v2\/posts\/616"}],"collection":[{"href":"https:\/\/blogs.elnortedecastilla.es\/vicentealvarez\/wp-json\/wp\/v2\/posts"}],"about":[{"href":"https:\/\/blogs.elnortedecastilla.es\/vicentealvarez\/wp-json\/wp\/v2\/types\/post"}],"author":[{"embeddable":true,"href":"https:\/\/blogs.elnortedecastilla.es\/vicentealvarez\/wp-json\/wp\/v2\/users\/4"}],"replies":[{"embeddable":true,"href":"https:\/\/blogs.elnortedecastilla.es\/vicentealvarez\/wp-json\/wp\/v2\/comments?post=616"}],"version-history":[{"count":0,"href":"https:\/\/blogs.elnortedecastilla.es\/vicentealvarez\/wp-json\/wp\/v2\/posts\/616\/revisions"}],"wp:attachment":[{"href":"https:\/\/blogs.elnortedecastilla.es\/vicentealvarez\/wp-json\/wp\/v2\/media?parent=616"}],"wp:term":[{"taxonomy":"category","embeddable":true,"href":"https:\/\/blogs.elnortedecastilla.es\/vicentealvarez\/wp-json\/wp\/v2\/categories?post=616"},{"taxonomy":"post_tag","embeddable":true,"href":"https:\/\/blogs.elnortedecastilla.es\/vicentealvarez\/wp-json\/wp\/v2\/tags?post=616"}],"curies":[{"name":"wp","href":"https:\/\/api.w.org\/{rel}","templated":true}]}}