{"id":618,"date":"2009-10-22T11:18:00","date_gmt":"2009-10-22T11:18:00","guid":{"rendered":"http:\/\/blogs.elnortedecastilla.es\/vicentealvarez\/?p=618"},"modified":"2009-10-22T11:18:00","modified_gmt":"2009-10-22T11:18:00","slug":"la-biblioteca-alejandria","status":"publish","type":"post","link":"https:\/\/blogs.elnortedecastilla.es\/vicentealvarez\/2009\/10\/22\/la-biblioteca-alejandria\/","title":{"rendered":"LA BIBLIOTECA DE ALEJANDR\u00cdA"},"content":{"rendered":"<p><IMG class=imgizqda id=img_0 style=\"WIDTH: 236px; HEIGHT: 272px\" height=314 src=\"\/vicentealvarez\/wp-content\/uploads\/sites\/3\" width=232>Publicado en El Norte de Castilla el 22 de octubre de 2009<\/p>\n<p> <DIV class=p>La Biblioteca de Alejandr\u00eda es uno de mis mitos recurrentes. Siempre fue el s\u00edmbolo por excelencia de la cultura, la patria de los libros y del saber, el escondite arcano donde reinaban las siete maravillas, entre ellas el Faro de Alejandr\u00eda, a pocos metros del templo del conocimiento. Alejandro Amen\u00e1bar ha puesto los ojos en ella y todos sabemos que donde el ni\u00f1o prodigio del cine espa\u00f1ol pone los ojos pone la bala. Es (salvando las distancias, para que no se cabreen los puristas) nuestro particular Kubrick y forma parte de ese reducid\u00edsimo club de directores que se niegan a hacer siempre la misma pel\u00edcula. Amen\u00e1bar se ha distinguido por saltar de un g\u00e9nero a otro, por embarcarse en extra\u00f1os y ambiciosos proyectos, por arriesgarse pel\u00edcula tras pel\u00edcula. Nos acojon\u00f3 al mostrarnos la cara oculta de las pel\u00edculas &#8216;snuff&#8217; en la hipn\u00f3tica &#8216;Tesis&#8217;. Nos mantuvo en vilo con la historia de un playboy transformado en monstruo en &#8216;Abre los ojos&#8217;. Nos meti\u00f3 miedo con un cuento g\u00f3tico protagonizado y auspiciado por la parejita Cruise\/Kidman en &#8216;Los otros&#8217;. Finalmente, nos hizo sonre\u00edr y llorar con el dram\u00f3n de un tetrapl\u00e9jico en &#8216;Mar adentro&#8217;. El list\u00f3n estaba demasiado alto. Pod\u00eda hacer un musical, un western o un peplum. Se inclin\u00f3 por lo \u00faltimo: una de romanos a lo Amen\u00e1bar. As\u00ed, en mitad de la crisis, el rey Midas hispano se descuelga con una superproducci\u00f3n de 50 millones de euros rodada en ingl\u00e9s y nos conduce a la Alejandr\u00eda del siglo IV para mostrarnos la historia de una mujer, de una ciudad y de una civilizaci\u00f3n. Hipatia, una fil\u00f3sofa, astr\u00f3noma y matem\u00e1tica, es la hero\u00edna con la que viajamos al pasado. La reconstrucci\u00f3n de la vieja Alejandr\u00eda es portentosa, con decorados deslumbrantes y fugaces visitas a la m\u00edtica Biblioteca de nuestros sue\u00f1os donde Hipatia imparte lecciones magistrales. \u00abNuestra biblioteca es todo lo que queda del saber de los hombres\u00bb. Sin embargo, una Alejandr\u00eda enfurecida, manipulada por los fan\u00e1ticos, terminar\u00e1 con ella&#8230; <\/DIV> <DIV class=p>Se puede criticar a la pel\u00edcula en muchos aspectos pero llaman la atenci\u00f3n los <IMG class=imgdcha id=img_0 style=\"WIDTH: 295px; HEIGHT: 140px\" height=170 src=\"\/vicentealvarez\/wp-content\/uploads\/sites\/3\" width=350>ataques rabiosos que llegan desde las mismas trincheras de siempre (por cierto, a los &#8216;anticine&#8217; espa\u00f1ol les puede matar el \u00e9xito de taquilla de &#8216;\u00c1gora&#8217;). Hablan de que la pel\u00edcula \u00abapesta a sectarismo y anticlericalismo progre\u00bb. Tambi\u00e9n la tachan de anticristiana, falsa e incorrecta hist\u00f3ricamente (argumentan, por ejemplo, que Hipatia muri\u00f3 con mucha m\u00e1s edad). La misma imbecilidad de siempre. No hablamos de una tesis doctoral ni de un ensayo. Es una pel\u00edcula. Un personaje hist\u00f3rico deja de ser hist\u00f3rico en el mismo momento en que entra en la pel\u00edcula, como el Mozart de &#8216;Amadeus&#8217; o el Shakespeare de &#8216;Shakespeare in love&#8217;. Respecto a lo de anticristiana es una manipulaci\u00f3n m\u00e1s. Los jud\u00edos y los paganos no salen mejor parados en &#8216;\u00c1gora&#8217;. La pel\u00edcula es, sobre todo, una denuncia de las intransigencias, fanatismos y fundamentalismos religiosos. Ya era hora, en todo caso, de que alguien se atreviese a hablar del zarpazo que sumi\u00f3 a la humanidad en el oscurantismo. La ca\u00edda de la Biblioteca de Alejandr\u00eda, y de lo que representaba (la libre circulaci\u00f3n de las ideas), supuso mil a\u00f1os de tinieblas. Algunos parecen locos por regresar a ellas. <\/DIV><\/p>\n","protected":false},"excerpt":{"rendered":"<p>Publicado en El Norte de Castilla el 22 de octubre de 2009 La Biblioteca de Alejandr\u00eda es uno de mis mitos recurrentes. Siempre fue el s\u00edmbolo por excelencia de la cultura, la patria de los libros y del saber, el escondite arcano donde reinaban las siete maravillas, entre ellas el Faro de Alejandr\u00eda, a pocos [&hellip;]<\/p>\n","protected":false},"author":4,"featured_media":0,"comment_status":"open","ping_status":"closed","sticky":false,"template":"","format":"standard","meta":[],"categories":[7],"tags":[25],"_links":{"self":[{"href":"https:\/\/blogs.elnortedecastilla.es\/vicentealvarez\/wp-json\/wp\/v2\/posts\/618"}],"collection":[{"href":"https:\/\/blogs.elnortedecastilla.es\/vicentealvarez\/wp-json\/wp\/v2\/posts"}],"about":[{"href":"https:\/\/blogs.elnortedecastilla.es\/vicentealvarez\/wp-json\/wp\/v2\/types\/post"}],"author":[{"embeddable":true,"href":"https:\/\/blogs.elnortedecastilla.es\/vicentealvarez\/wp-json\/wp\/v2\/users\/4"}],"replies":[{"embeddable":true,"href":"https:\/\/blogs.elnortedecastilla.es\/vicentealvarez\/wp-json\/wp\/v2\/comments?post=618"}],"version-history":[{"count":0,"href":"https:\/\/blogs.elnortedecastilla.es\/vicentealvarez\/wp-json\/wp\/v2\/posts\/618\/revisions"}],"wp:attachment":[{"href":"https:\/\/blogs.elnortedecastilla.es\/vicentealvarez\/wp-json\/wp\/v2\/media?parent=618"}],"wp:term":[{"taxonomy":"category","embeddable":true,"href":"https:\/\/blogs.elnortedecastilla.es\/vicentealvarez\/wp-json\/wp\/v2\/categories?post=618"},{"taxonomy":"post_tag","embeddable":true,"href":"https:\/\/blogs.elnortedecastilla.es\/vicentealvarez\/wp-json\/wp\/v2\/tags?post=618"}],"curies":[{"name":"wp","href":"https:\/\/api.w.org\/{rel}","templated":true}]}}