{"id":621,"date":"2009-10-29T10:26:00","date_gmt":"2009-10-29T10:26:00","guid":{"rendered":"http:\/\/blogs.elnortedecastilla.es\/vicentealvarez\/?p=621"},"modified":"2009-10-29T10:26:00","modified_gmt":"2009-10-29T10:26:00","slug":"el-enigma-haris","status":"publish","type":"post","link":"https:\/\/blogs.elnortedecastilla.es\/vicentealvarez\/2009\/10\/29\/el-enigma-haris\/","title":{"rendered":"EL ENIGMA HARIS"},"content":{"rendered":"<p><IMG id=img_0 class=imgizqda src=\"\/vicentealvarez\/wp-content\/uploads\/sites\/3\" width=168 height=268>Publicado en El Norte de Castilla el 29 de octubre de 2009<\/p>\n<p> <P style=\"TEXT-ALIGN: justify; MARGIN: 0cm 0cm 0pt\" class=MsoNormal><SPAN style=\"FONT-FAMILY: Arial; FONT-SIZE: 10pt\">Tal vez ser\u00e1 porque cuando fui por primera vez al viejo Zorrilla me enamor\u00e9 de Carde\u00f1osa. O porque me dol\u00eda o\u00edr decir a Garc\u00eda Traid que no alineaba a un jovenc\u00edsimo Eusebio ya que no defend\u00eda lo suficiente. O ser\u00e1 porque cada vez quedan menos futbolistas de esos que parecen de dibujos animados y que elevan un simple juego a la categor\u00eda de arte. En un equipo modesto es dif\u00edcil encontrarse con alguno (el \u00faltimo fue el brasile\u00f1o Edu) pero a veces surge el milagro. En la actualidad, ese milagro se llama Haris Medunjanin, un futbolista bosnio que, con s\u00f3lo siete a\u00f1os, tuvo que abandonar su pa\u00eds y coger uno de los \u00faltimos autocares que quedaban en un Sarajevo donde estaba comenzando una criminal limpieza \u00e9tnica contra los musulmanes. Desde el a\u00f1o pasado, Haris forma parte de la plantilla del Valladolid y se ha convertido en uno de esos jugadores magos que tanto escasean y que tan dif\u00edcil tienen el hacerse un hueco en un deporte cada vez m\u00e1s dominado por el m\u00fasculo. Es eso que he llamado el enigma Haris y que enlazar\u00eda directamente con la cl\u00e1sica y filos\u00f3fica pol\u00e9mica que enfrenta a menottistas y bilardistas. Ya saben, los defensores del \u201cjogo bonito\u201d frente a los resultadistas. Los amantes del bello desorden, del f\u00fatbol de ataque, del lirismo por encima del resultado, frente a los que anteponen la disciplina t\u00e1ctica como fundamento del \u00e9xito. Unos defienden la alegr\u00eda de jugar, el talento innato del jugador, la improvisaci\u00f3n de los artistas y otros prefieren la disciplina colectiva a la inspiraci\u00f3n y el desorden individual. \u00c1ngel Cappa, menottista militante, lo expresaba muy gr\u00e1ficamente: \u201cEl menottismo es como los Reyes Magos: uno espera siempre a los equipos de Menotti con ilusi\u00f3n, sin saber lo que le van a traer. Y bilardismo es el se\u00f1or que le dice al pibe de 4 a\u00f1os: \u201clos Reyes Magos son los padres, as\u00ed que te doy un pul\u00f3ver que te hace falta para el invierno y punto\u201d. <IMG id=img_1 class=imgdcha src=\"\/vicentealvarez\/wp-content\/uploads\/sites\/3\"><?xml:namespace prefix = o ns = \"urn:schemas-microsoft-com:office:office\" \/><o:p><\/o:p><\/SPAN><\/p>\n<p> <P style=\"TEXT-ALIGN: justify; MARGIN: 0cm 0cm 0pt\" class=MsoNormal><SPAN style=\"FONT-FAMILY: Arial; FONT-SIZE: 10pt\">En el f\u00fatbol actual ganan por goleada los resultadistas as\u00ed que uno se encuentra en \u00f3rsay permanente a\u00f1orando los pases de magia de Laudrup, Maradona, Francescoli o Zidane. \u00bfEs cierto que la calidad siempre est\u00e1 en entredicho? \u00bfDebemos valorar m\u00e1s el talento que el trabajo y la constancia?<SPAN style=\"mso-spacerun: yes\"> <\/SPAN>Muchos pensar\u00e1n que Mendil\u00edbar, entrenador exigente y claro defensor de una idea y concepci\u00f3n futbol\u00edstica, podr\u00eda arrimarse m\u00e1s a la orilla bilardista. No lo creo. Pocas veces hemos disfrutado de un entrenador m\u00e1s valiente y pocas veces hemos visto un f\u00fatbol tan alegre como el que \u00e9l nos ofrece. Algunos hablan de que los cimientos b\u00e1sicos de un equipo deben de estar formados por un mago, un duro y un goleador. Y que no debe existir contradicci\u00f3n entre disciplina t\u00e1ctica y lirismo. Creo que Haris puede convivir perfectamente con el esquema. De hecho, comenz\u00f3 siendo titular. Sin embargo, a la manera repetitiva y manipuladora de Goebbels, muchos s\u00f3lo saben decir que el chico no se coloca bien y no sabe defender, cosa que es completamente falsa. Est\u00e1 claro que no es Makelele y que, tal vez, resulte dif\u00edcil ubicarle en el terreno de juego. \u00bfEs medio centro o media punta?. Haris es un mago y quiz\u00e1 tenga que jugar por donde le d\u00e9 la gana. Y eso es un serio problema. Es el enigma Haris que ojal\u00e1 sepa resolver Mendil\u00edbar.<o:p><\/o:p><\/SPAN><\/p>\n","protected":false},"excerpt":{"rendered":"<p>Publicado en El Norte de Castilla el 29 de octubre de 2009 Tal vez ser\u00e1 porque cuando fui por primera vez al viejo Zorrilla me enamor\u00e9 de Carde\u00f1osa. O porque me dol\u00eda o\u00edr decir a Garc\u00eda Traid que no alineaba a un jovenc\u00edsimo Eusebio ya que no defend\u00eda lo suficiente. O ser\u00e1 porque cada vez [&hellip;]<\/p>\n","protected":false},"author":4,"featured_media":0,"comment_status":"open","ping_status":"closed","sticky":false,"template":"","format":"standard","meta":[],"categories":[7],"tags":[112],"_links":{"self":[{"href":"https:\/\/blogs.elnortedecastilla.es\/vicentealvarez\/wp-json\/wp\/v2\/posts\/621"}],"collection":[{"href":"https:\/\/blogs.elnortedecastilla.es\/vicentealvarez\/wp-json\/wp\/v2\/posts"}],"about":[{"href":"https:\/\/blogs.elnortedecastilla.es\/vicentealvarez\/wp-json\/wp\/v2\/types\/post"}],"author":[{"embeddable":true,"href":"https:\/\/blogs.elnortedecastilla.es\/vicentealvarez\/wp-json\/wp\/v2\/users\/4"}],"replies":[{"embeddable":true,"href":"https:\/\/blogs.elnortedecastilla.es\/vicentealvarez\/wp-json\/wp\/v2\/comments?post=621"}],"version-history":[{"count":0,"href":"https:\/\/blogs.elnortedecastilla.es\/vicentealvarez\/wp-json\/wp\/v2\/posts\/621\/revisions"}],"wp:attachment":[{"href":"https:\/\/blogs.elnortedecastilla.es\/vicentealvarez\/wp-json\/wp\/v2\/media?parent=621"}],"wp:term":[{"taxonomy":"category","embeddable":true,"href":"https:\/\/blogs.elnortedecastilla.es\/vicentealvarez\/wp-json\/wp\/v2\/categories?post=621"},{"taxonomy":"post_tag","embeddable":true,"href":"https:\/\/blogs.elnortedecastilla.es\/vicentealvarez\/wp-json\/wp\/v2\/tags?post=621"}],"curies":[{"name":"wp","href":"https:\/\/api.w.org\/{rel}","templated":true}]}}