{"id":65,"date":"2007-02-16T17:48:00","date_gmt":"2007-02-16T17:48:00","guid":{"rendered":"http:\/\/blogs.elnortedecastilla.es\/vicentealvarez\/?p=65"},"modified":"2007-02-16T17:48:00","modified_gmt":"2007-02-16T17:48:00","slug":"mas-lecciones-filosoficas-guerrita","status":"publish","type":"post","link":"https:\/\/blogs.elnortedecastilla.es\/vicentealvarez\/2007\/02\/16\/mas-lecciones-filosoficas-guerrita\/","title":{"rendered":"M\u00c1S LECCIONES FILOS\u00d3FICAS DE GUERRITA"},"content":{"rendered":"<p>Rafael Guerra, Guerrita, califa del toreo cordob\u00e9s, tipo reservado, orgulloso, solemne y muy dado a pontificar, no solo ha pasado a la historia por su famoso \u201chay gente pa\u2019t\u00f3\u201d. A Guerrita se le atribuyen frases sublimes, agudos pensamientos y aut\u00e9nticas sentencias que rozan lo filos\u00f3fico:<br \/>\n&#8211; \u201cLos toros, con sol y con moscas\u201d<br \/>\n&#8211; \u201cDespu\u00e9s de mi <em>naide<\/em> y despu\u00e9s de <em>naide<\/em>, Fuentes\u201d<br \/>\n&#8211; \u201cNo me voy, me echan\u201d<br \/>\n&#8211;  \u201cHay que aligerar para verlo\u201d (refiri\u00e9ndose al arte de Belmonte)<br \/>\n&#8211; \u201cCon la muerte de Joselito le han <em>quitao<\/em> el tipo al toreo\u201d<br \/>\n&#8211; \u201cEn Madrid que <em>atoree<\/em> San Isidro\u201d<br \/>\n&#8211; \u201c\u00bfNo siente usted retirarse del toreo?\u201d, le preguntaron los periodistas. \u201c\u00bfSentirlo yo? \u00a1Eso ustedes!\u201d<br \/>\n&#8211; \u201cNo te esfuerces mucho, que hace mal tiempo y hay pocos espectadores para verte\u201d, le grit\u00f3 alguien cuando toreaba en una plaza de segunda. \u201c\u00a1Pero me veo a m\u00ed mismo!\u201d, replic\u00f3 Guerrita.<br \/>\n&#8211; \u201cRafael, \u00bfquiere dejarme prestada una de sus muletas, a ver si logro torear ese toro como lo har\u00eda usted?\u201d, le dijo un compa\u00f1ero de terna en cierta ocasi\u00f3n. \u201cCoja usted la muleta que le plazca. Pero usted no logra torear como yo, \u00a1aunque se acueste con Lagartijo!\u201d.<br \/>\nEn fin, termino con la mejor, un prodigio de l\u00f3gica y sabidur\u00eda popular: tras una corrida en el sur de Francia, Guerrita coment\u00f3 a su cuadrilla que quer\u00eda volver de inmediato a Sevilla. \u201cPero maestro, Sevilla est\u00e1 muy lejos\u201d, le advirtieron. \u201cSevilla est\u00e1 donde tiene que estar. Lo que est\u00e1 muy lejos es esto\u201d, contest\u00f3 sin inmutarse.<br \/>\nUn tipo peculiar este Guerrita.<\/p>\n","protected":false},"excerpt":{"rendered":"<p>Rafael Guerra, Guerrita, califa del toreo cordob\u00e9s, tipo reservado, orgulloso, solemne y muy dado a pontificar, no solo ha pasado a la historia por su famoso \u201chay gente pa\u2019t\u00f3\u201d. A Guerrita se le atribuyen frases sublimes, agudos pensamientos y aut\u00e9nticas sentencias que rozan lo filos\u00f3fico: &#8211; \u201cLos toros, con sol y con moscas\u201d &#8211; \u201cDespu\u00e9s [&hellip;]<\/p>\n","protected":false},"author":4,"featured_media":0,"comment_status":"open","ping_status":"closed","sticky":false,"template":"","format":"standard","meta":[],"categories":[3],"tags":[],"_links":{"self":[{"href":"https:\/\/blogs.elnortedecastilla.es\/vicentealvarez\/wp-json\/wp\/v2\/posts\/65"}],"collection":[{"href":"https:\/\/blogs.elnortedecastilla.es\/vicentealvarez\/wp-json\/wp\/v2\/posts"}],"about":[{"href":"https:\/\/blogs.elnortedecastilla.es\/vicentealvarez\/wp-json\/wp\/v2\/types\/post"}],"author":[{"embeddable":true,"href":"https:\/\/blogs.elnortedecastilla.es\/vicentealvarez\/wp-json\/wp\/v2\/users\/4"}],"replies":[{"embeddable":true,"href":"https:\/\/blogs.elnortedecastilla.es\/vicentealvarez\/wp-json\/wp\/v2\/comments?post=65"}],"version-history":[{"count":0,"href":"https:\/\/blogs.elnortedecastilla.es\/vicentealvarez\/wp-json\/wp\/v2\/posts\/65\/revisions"}],"wp:attachment":[{"href":"https:\/\/blogs.elnortedecastilla.es\/vicentealvarez\/wp-json\/wp\/v2\/media?parent=65"}],"wp:term":[{"taxonomy":"category","embeddable":true,"href":"https:\/\/blogs.elnortedecastilla.es\/vicentealvarez\/wp-json\/wp\/v2\/categories?post=65"},{"taxonomy":"post_tag","embeddable":true,"href":"https:\/\/blogs.elnortedecastilla.es\/vicentealvarez\/wp-json\/wp\/v2\/tags?post=65"}],"curies":[{"name":"wp","href":"https:\/\/api.w.org\/{rel}","templated":true}]}}