{"id":765,"date":"2011-02-10T08:46:00","date_gmt":"2011-02-10T08:46:00","guid":{"rendered":"http:\/\/blogs.elnortedecastilla.es\/vicentealvarez\/?p=765"},"modified":"2011-02-10T08:46:00","modified_gmt":"2011-02-10T08:46:00","slug":"las-pelotas-picasso","status":"publish","type":"post","link":"https:\/\/blogs.elnortedecastilla.es\/vicentealvarez\/2011\/02\/10\/las-pelotas-picasso\/","title":{"rendered":"LAS PELOTAS DE PICASSO"},"content":{"rendered":"<p><IMG id=img_0 class=imgizqda src=\"\/vicentealvarez\/wp-content\/uploads\/sites\/3\">Publicado en El Norte de Castilla el 10 de febrero de 2011<\/p>\n<p> <P style=\"LINE-HEIGHT: normal; MARGIN: 0cm 0cm 0pt; BACKGROUND: white\" class=MsoNormal><SPAN style=\"FONT-FAMILY: 'Arial'; FONT-SIZE: 10pt; mso-bidi-font-family: Arial; mso-fareast-language: ES; mso-fareast-font-family: 'Times New Roman'\">Un grupo de radicales anticine espa\u00f1ol se encuentra con el cineasta Arturo Due\u00f1as, en plena campa\u00f1a de promoci\u00f3n de la pel\u00edcula &#8216;Aficionados&#8217;. Al verlo, se abalanzan sobre \u00e9l. \u00ab\u00a1Un director de cine espa\u00f1ol!\u00bb, exclama emocionado uno de ellos. \u00ab\u00a1Te vas a llevar la subvenci\u00f3n de tu p\u2026 madre!\u00bb, grita otro. Palos, bates de b\u00e9isbol y paraguas vuelan sobre el rostro y el cuerpo del atrevido director. Algunos curiosos observan el apaleamiento. Un ejecutivo, con cartera y pedigr\u00ed, al enterarse de que est\u00e1n zurrando a un director de cine espa\u00f1ol se une a los radicales con un entusiasmo solo comparable al de Magneto en una chatarrer\u00eda. Todo eso y algo m\u00e1s forma parte del clip promocional de una pel\u00edcula cien por cien pucelana cuyo estreno mundial tendr\u00e1 lugar esta noche en los cines Roxy. De &#8216;Aficionados&#8217; hablamos aqu\u00ed hace m\u00e1s de un a\u00f1o, cuando se proyect\u00f3 en la Seminci una copia de trabajo previa a la realizaci\u00f3n del montaje definitivo. Hace bien poco, en el Festival MadridImagen, y compitiendo con pel\u00edculas de alto copete, se le concedi\u00f3 una menci\u00f3n especial. Ahora, como digo, se estrena en el cine Roxy. Es la oportunidad de ver una pel\u00edcula diferente, a medio camino entre la improvisaci\u00f3n teatral y el documental. De hecho, los propios actores desarrollaron sus personajes y escribieron los guiones. El resultado es cautivador y espont\u00e1neo, con movimientos de c\u00e1mara audaces y un delicioso aire documental. &#8216;Aficionados&#8217;se ha rodado en Valladolid, con gente de Valladolid y con producci\u00f3n exclusivamente privada. No hay ayudas, solo entusiasmo, trabajo y originalidad. Sin apoyos, solo queda tirarse al r\u00edo y buscarse la vida. El boca a boca, el trailer vehemente, incluso un &#8216;flashmob&#8217; en la Plaza Mayor. Cualquier cosa vale para darse a conocer, para zarandear a una ciudad dormida, para gritar a los cuatro vientos que, aunque a los pol\u00edticos locales (y a buena parte de la prensa) les importe una mierda la cultura parida entre el Pisuerga y la Esgueva, la gente de aqu\u00ed tiene las pelotas de Picasso. Aunque sean pelotas aficionadas. <\/SPAN><\/p>\n<p> <P style=\"LINE-HEIGHT: normal; MARGIN: 0cm 0cm 0pt; BACKGROUND: white\" class=MsoNormal><\/p>\n<p> <OBJECT style=\"BORDER-BOTTOM: 0px; BORDER-LEFT: 0px; MARGIN: 0px; BACKGROUND: none transparent scroll repeat 0% 0%; BORDER-TOP: 0px; BORDER-RIGHT: 0px\" width=640 height=390><PARAM NAME=\"movie\" VALUE=\"http:\/\/www.youtube.com\/v\/2I6woMzRoRM?fs=1&#038;hl=es_ES&#038;rel=0\"><PARAM NAME=\"allowFullScreen\" VALUE=\"true\"><PARAM NAME=\"allowscriptaccess\" VALUE=\"always\"> <embed   src=\"\/\/www.youtube.com\/v\/2I6woMzRoRM?fs=1&#038;hl=es_ES&#038;rel=0\" type=\"application\/x-shockwave-flash\" allowscriptaccess=\"always\" allowfullscreen=\"true\" width=\"640\" height=\"390\"><\/embed><\/OBJECT><\/p>\n","protected":false},"excerpt":{"rendered":"<p>Publicado en El Norte de Castilla el 10 de febrero de 2011 Un grupo de radicales anticine espa\u00f1ol se encuentra con el cineasta Arturo Due\u00f1as, en plena campa\u00f1a de promoci\u00f3n de la pel\u00edcula &#8216;Aficionados&#8217;. Al verlo, se abalanzan sobre \u00e9l. \u00ab\u00a1Un director de cine espa\u00f1ol!\u00bb, exclama emocionado uno de ellos. \u00ab\u00a1Te vas a llevar la [&hellip;]<\/p>\n","protected":false},"author":4,"featured_media":0,"comment_status":"open","ping_status":"closed","sticky":false,"template":"","format":"standard","meta":[],"categories":[7],"tags":[23],"_links":{"self":[{"href":"https:\/\/blogs.elnortedecastilla.es\/vicentealvarez\/wp-json\/wp\/v2\/posts\/765"}],"collection":[{"href":"https:\/\/blogs.elnortedecastilla.es\/vicentealvarez\/wp-json\/wp\/v2\/posts"}],"about":[{"href":"https:\/\/blogs.elnortedecastilla.es\/vicentealvarez\/wp-json\/wp\/v2\/types\/post"}],"author":[{"embeddable":true,"href":"https:\/\/blogs.elnortedecastilla.es\/vicentealvarez\/wp-json\/wp\/v2\/users\/4"}],"replies":[{"embeddable":true,"href":"https:\/\/blogs.elnortedecastilla.es\/vicentealvarez\/wp-json\/wp\/v2\/comments?post=765"}],"version-history":[{"count":0,"href":"https:\/\/blogs.elnortedecastilla.es\/vicentealvarez\/wp-json\/wp\/v2\/posts\/765\/revisions"}],"wp:attachment":[{"href":"https:\/\/blogs.elnortedecastilla.es\/vicentealvarez\/wp-json\/wp\/v2\/media?parent=765"}],"wp:term":[{"taxonomy":"category","embeddable":true,"href":"https:\/\/blogs.elnortedecastilla.es\/vicentealvarez\/wp-json\/wp\/v2\/categories?post=765"},{"taxonomy":"post_tag","embeddable":true,"href":"https:\/\/blogs.elnortedecastilla.es\/vicentealvarez\/wp-json\/wp\/v2\/tags?post=765"}],"curies":[{"name":"wp","href":"https:\/\/api.w.org\/{rel}","templated":true}]}}