{"id":788,"date":"2011-03-18T22:00:00","date_gmt":"2011-03-18T22:00:00","guid":{"rendered":"http:\/\/blogs.elnortedecastilla.es\/vicentealvarez\/?p=788"},"modified":"2011-03-18T22:00:00","modified_gmt":"2011-03-18T22:00:00","slug":"sendai","status":"publish","type":"post","link":"https:\/\/blogs.elnortedecastilla.es\/vicentealvarez\/2011\/03\/18\/sendai\/","title":{"rendered":"SENDAI"},"content":{"rendered":"<p><IMG style=\"WIDTH: 227px; HEIGHT: 492px\" id=img_0 class=imgizqda src=\"\/vicentealvarez\/wp-content\/uploads\/sites\/3\" width=384 height=1082>Publicado en El Norte de Castilla el 18 de marzo de 2011<\/p>\n<p> <P style=\"MARGIN: 0cm 0cm 0pt\" class=MsoNoSpacing><SPAN style=\"FONT-FAMILY: 'Arial'; FONT-SIZE: 10pt; mso-fareast-language: ES\">Hace veinticinco a\u00f1os escrib\u00ed un relato titulado &#8216;Sendai&#8217;. La historia futurista (o no) de un tren-bala que adquir\u00eda vida propia y se convert\u00eda en una m\u00e1quina de matar. El tren sal\u00eda de Hiroshima y deb\u00eda llegar a Sendai. El viaje desde Hiroshima (el infierno) hasta la ciudad de Sendai (el futuro) se deslizaba en apenas siete p\u00e1ginas al ritmo marcado por las 36 vistas del Fuji: tranquilo y puro en buen tiempo, cruel y atormentado bajo la tempestad. Aquel intento naif de mezclar en una fantasiosa coctelera las estampas japonesas, la ciencia-ficci\u00f3n, el erotismo del Fuji y el aura criminal de un tren hipermoderno ha estallado de nuevo en mi memoria. &#8216;La ola mataba al Fuji&#8217;, escrib\u00ed entonces. Hoy Jap\u00f3n no cree en las l\u00e1grimas. La literatura se viste de tragedia y, curiosamente, Sendai se ha convertido en la imagen espectral del terror. El terremoto y el tsunami de ojos rasgados han destrozado Sendai y sus alrededores. De hecho, Sendai ya no existe. Solo habitan en ella barcos a la deriva quem\u00e1ndose en el mar, aviones volcados, autobuses sobre casas, un desierto negro devastado y procesiones fantasmales de personas que buscan a sus muertos, que buscan sus casas y que no reconocen, siquiera, el barrio donde han vivido desde que nacieron. \u00abViv\u00edamos a cuatro kil\u00f3metros de la costa protegidos por un bosque y unos arrozales. Siempre nos quej\u00e1bamos de no poder ver el mar. Despu\u00e9s del se\u00edsmo salimos de casa y en lugar del jard\u00edn estaba el Pac\u00edfico\u00bb, dice un superviviente. La ciudad fantasma, convertida en un inmenso vertedero, tiembla ahora con la alerta at\u00f3mica que ha estallado unos kil\u00f3metros al sur con los reactores nucleares de Fukushima lanzando un brindis envenenado al sol naciente. Apocalipsis con sabor a plutonio, j\u00f3venes manga con mascarillas y el templo de la sabidur\u00eda de la niebla de Berlai convertido en la peor pesadilla nuclear. Sendai para m\u00ed es una par\u00e1bola. Hace veinticinco a\u00f1os era el futuro. Hoy es una monta\u00f1a sagrada de decepciones. La literatura chocolateada con uranio empobrecido. Sendai R.I.P. O sea. <?xml:namespace prefix = o ns = \"urn:schemas-microsoft-com:office:office\" \/><o:p><\/o:p><\/SPAN><\/p>\n","protected":false},"excerpt":{"rendered":"<p>Publicado en El Norte de Castilla el 18 de marzo de 2011 Hace veinticinco a\u00f1os escrib\u00ed un relato titulado &#8216;Sendai&#8217;. La historia futurista (o no) de un tren-bala que adquir\u00eda vida propia y se convert\u00eda en una m\u00e1quina de matar. El tren sal\u00eda de Hiroshima y deb\u00eda llegar a Sendai. El viaje desde Hiroshima (el [&hellip;]<\/p>\n","protected":false},"author":4,"featured_media":0,"comment_status":"open","ping_status":"closed","sticky":false,"template":"","format":"standard","meta":[],"categories":[7],"tags":[],"_links":{"self":[{"href":"https:\/\/blogs.elnortedecastilla.es\/vicentealvarez\/wp-json\/wp\/v2\/posts\/788"}],"collection":[{"href":"https:\/\/blogs.elnortedecastilla.es\/vicentealvarez\/wp-json\/wp\/v2\/posts"}],"about":[{"href":"https:\/\/blogs.elnortedecastilla.es\/vicentealvarez\/wp-json\/wp\/v2\/types\/post"}],"author":[{"embeddable":true,"href":"https:\/\/blogs.elnortedecastilla.es\/vicentealvarez\/wp-json\/wp\/v2\/users\/4"}],"replies":[{"embeddable":true,"href":"https:\/\/blogs.elnortedecastilla.es\/vicentealvarez\/wp-json\/wp\/v2\/comments?post=788"}],"version-history":[{"count":0,"href":"https:\/\/blogs.elnortedecastilla.es\/vicentealvarez\/wp-json\/wp\/v2\/posts\/788\/revisions"}],"wp:attachment":[{"href":"https:\/\/blogs.elnortedecastilla.es\/vicentealvarez\/wp-json\/wp\/v2\/media?parent=788"}],"wp:term":[{"taxonomy":"category","embeddable":true,"href":"https:\/\/blogs.elnortedecastilla.es\/vicentealvarez\/wp-json\/wp\/v2\/categories?post=788"},{"taxonomy":"post_tag","embeddable":true,"href":"https:\/\/blogs.elnortedecastilla.es\/vicentealvarez\/wp-json\/wp\/v2\/tags?post=788"}],"curies":[{"name":"wp","href":"https:\/\/api.w.org\/{rel}","templated":true}]}}