{"id":83,"date":"2007-03-10T08:46:00","date_gmt":"2007-03-10T08:46:00","guid":{"rendered":"http:\/\/blogs.elnortedecastilla.es\/vicentealvarez\/?p=83"},"modified":"2007-03-10T08:46:00","modified_gmt":"2007-03-10T08:46:00","slug":"la-invencion-morel","status":"publish","type":"post","link":"https:\/\/blogs.elnortedecastilla.es\/vicentealvarez\/2007\/03\/10\/la-invencion-morel\/","title":{"rendered":"LA INVENCI\u00d3N DE MOREL"},"content":{"rendered":"<p><IMG src=\"\/vicentealvarez\/files\/mini-morel.jpg\" width=\"187\" height=\"300\" class=\"imgizqda\" \/><br \/>\nUna de mis novelas preferidas, uno de esos libros que siempre se recuerdan y se releen. A veces pienso que es mucho m\u00e1s que uno de mis libros de cabecera. Ya sab\u00e9is: <em>Hoy, en esta isla, ha ocurrido un milagro<\/em>, etc\u00e9tera. Si un d\u00eda el fuego destruyese mi casa, \u00bfqu\u00e9 me llevar\u00eda conmigo? En primer lugar, como alguien dijo, el fuego. Luego, <em>La invenci\u00f3n de Morel<\/em>, una novela m\u00e1s borgiana que si la hubiera escrito el mismo Borges. Algo que, por supuesto, nunca he descartado. \u00bfAlguien sabe, en realidad, qui\u00e9n escribe las novelas, todos los libros del mundo?<br \/>\nUn fugitivo llega a una isla aparentemente desierta. Al poco descubre a una serie de personas. Las esp\u00eda. Se enamora de Faustine, una mujer que contempla los atardeceres en las rocas (\u201cahora la mujer del pa\u00f1uelo me resulta imprescindible\u201d). Intenta acercarse a ella. Conoce a Morel, un cient\u00edfico loco. Todos le ignoran por completo. Las conversaciones y las situaciones se repiten cada semana. En el cielo hay dos soles y dos lunas. Piensa que:  1) puede estar volvi\u00e9ndose loco; 2) una extra\u00f1a enfermedad le est\u00e1 afectando; 3)  los turistas pueden ser extraterrestres; 4) est\u00e1 viviendo en mundos paralelos; 5) se ha convertido en invisible; 6) la isla es un realidad un manicomio y Morel el director; 7) la isla es el purgatorio, todos est\u00e1n muertos y \u00e9l tan solo es una especie de viajero como Dante\u2026 El fugitivo no tardar\u00e1 en conocer la soluci\u00f3n y cuando la conozca no dudar\u00e1 en dar su vida para pasar el resto de la eternidad con Faustine\u2026.<br \/>\nNovela esencialmente de g\u00e9nero (mal que les pese a los puristas). Obra clave de la literatura de anticipaci\u00f3n. F\u00e1bula de amor tr\u00e1gico (\u201cya no estoy muerto, estoy enamorado\u201d). Relato polic\u00edaco. <em>Nouvelle<\/em> cumbre de la ciencia-ficci\u00f3n. <em>Matrix<\/em> de la literatura. Todo ello escrito con una geometr\u00eda insultantemente perfecta y con pinceladas filos\u00f3ficas que remiten a la teor\u00eda de los espejos de Borges, al eterno retorno de Nietzsche, a la filosof\u00eda de la mirada y a la cueva de Plat\u00f3n. Un tratado inolvidable sobre el amor y la soledad (\u201cesa mujer me ha dado una esperanza; debo temer las esperanzas\u201d), sobre la inmortalidad y sobre la dificultad cada vez mayor en saber distinguir la realidad de la fantas\u00eda (\u201cignoro cu\u00e1les son las moscas verdaderas y las artificiales\u201d). Nunca en la historia la frase morir de amor tuvo un significado tan impactante\u2026.<\/p>\n","protected":false},"excerpt":{"rendered":"<p>Una de mis novelas preferidas, uno de esos libros que siempre se recuerdan y se releen. A veces pienso que es mucho m\u00e1s que uno de mis libros de cabecera. Ya sab\u00e9is: Hoy, en esta isla, ha ocurrido un milagro, etc\u00e9tera. Si un d\u00eda el fuego destruyese mi casa, \u00bfqu\u00e9 me llevar\u00eda conmigo? En primer [&hellip;]<\/p>\n","protected":false},"author":4,"featured_media":0,"comment_status":"open","ping_status":"closed","sticky":false,"template":"","format":"standard","meta":[],"categories":[11],"tags":[],"_links":{"self":[{"href":"https:\/\/blogs.elnortedecastilla.es\/vicentealvarez\/wp-json\/wp\/v2\/posts\/83"}],"collection":[{"href":"https:\/\/blogs.elnortedecastilla.es\/vicentealvarez\/wp-json\/wp\/v2\/posts"}],"about":[{"href":"https:\/\/blogs.elnortedecastilla.es\/vicentealvarez\/wp-json\/wp\/v2\/types\/post"}],"author":[{"embeddable":true,"href":"https:\/\/blogs.elnortedecastilla.es\/vicentealvarez\/wp-json\/wp\/v2\/users\/4"}],"replies":[{"embeddable":true,"href":"https:\/\/blogs.elnortedecastilla.es\/vicentealvarez\/wp-json\/wp\/v2\/comments?post=83"}],"version-history":[{"count":0,"href":"https:\/\/blogs.elnortedecastilla.es\/vicentealvarez\/wp-json\/wp\/v2\/posts\/83\/revisions"}],"wp:attachment":[{"href":"https:\/\/blogs.elnortedecastilla.es\/vicentealvarez\/wp-json\/wp\/v2\/media?parent=83"}],"wp:term":[{"taxonomy":"category","embeddable":true,"href":"https:\/\/blogs.elnortedecastilla.es\/vicentealvarez\/wp-json\/wp\/v2\/categories?post=83"},{"taxonomy":"post_tag","embeddable":true,"href":"https:\/\/blogs.elnortedecastilla.es\/vicentealvarez\/wp-json\/wp\/v2\/tags?post=83"}],"curies":[{"name":"wp","href":"https:\/\/api.w.org\/{rel}","templated":true}]}}