{"id":84,"date":"2007-03-11T14:11:00","date_gmt":"2007-03-11T14:11:00","guid":{"rendered":"http:\/\/blogs.elnortedecastilla.es\/vicentealvarez\/?p=84"},"modified":"2007-03-11T14:11:00","modified_gmt":"2007-03-11T14:11:00","slug":"without-mercy","status":"publish","type":"post","link":"https:\/\/blogs.elnortedecastilla.es\/vicentealvarez\/2007\/03\/11\/without-mercy\/","title":{"rendered":"WITHOUT MERCY"},"content":{"rendered":"<p><IMG src=\"\/vicentealvarez\/files\/without.jpg\" width=\"165\" height=\"164\" class=\"imgcen\" \/><br \/>\nDescubr\u00ed a <em>Durutti Column <\/em>en \u201cLa edad de oro\u201d, programa trasgresor que ser\u00eda muy dif\u00edcil que alguna televisi\u00f3n emitir\u00eda en la actualidad (algo que da idea de lo que hemos avanzado). All\u00ed descubr\u00ed a Almod\u00f3var, a Miquel Barcel\u00f3, a Ouka Leele o a los primeros  <em>Golpes Bajos<\/em> de Cardalda y Coppini. Al grupo liderado por Vini Reilly (cuyo nombre hace referencia a la columna de milicianos anarquistas dirigida por Buenaventura Durruti) le presentaba Paloma Chamorro diciendo algo as\u00ed como que no era un grupo para fiestas, aunque su m\u00fasica pod\u00eda ser ideal para fiestas \u00edntimas&#8230;. Y es cierto. Los (inclasificables) discos de este solitario anor\u00e9xico, con su salud siempre pendiendo de un hilo, poseen claros ecos de Erik Satie. Su m\u00fasica es et\u00e9rea, melanc\u00f3lica, hipn\u00f3tica, envolvente, protagonizada por unos arpegios personal\u00edsimos. Una especie de new wave de c\u00e1mara con guitarras delicadas y ligeros gui\u00f1os al jazz y a la electr\u00f3nica. La cumbre del viaje on\u00edrico y maravilloso que Vini Reilly ofrece en cada uno de sus discos, tuvo lugar en 1984, a\u00f1o en el que grab\u00f3 <em>Without mercy<\/em>, una inmensa suite dividida en dos movimientos. Para esta peculiar tentativa barroca con orquesta de c\u00e1mara se inspir\u00f3 en el poema de John Keats <em>La belle dame sans merci<\/em>, ejemplo paradigm\u00e1tico de mujer fatal, hechicera, vampira misteriosa, bella y sin piedad con los hombres, que le sirvi\u00f3 de excusa a Vini Reilly para componer una de las m\u00fasicas m\u00e1s hermos\u00edsimas que yo he escuchado en mi vida, construyendo melanc\u00f3licamente desde el piano el motivo de apertura e iniciando un viaje inolvidable en el que se van sumando instrumentos como el cello, el violin, el saxo o su inconfundible guitarra de arpegios dolientes. No conozco mejor m\u00fasica para recordar a la dama de los prados llena de belleza, a la ni\u00f1a de las hadas que me llev\u00f3 a su gruta encantada donde cerr\u00e9 sus ojos salvajes para besarla hasta caer rendidos. La m\u00fasica ideal que me hace comprender, en fin, que la bella dama sin piedad me ha esclavizado de por vida. Y yo lo s\u00e9 mejor que nadie. Solitario, p\u00e1lido y vagabundo como el melanc\u00f3lico y embrujado Vini Reilly.<\/p>\n","protected":false},"excerpt":{"rendered":"<p>Descubr\u00ed a Durutti Column en \u201cLa edad de oro\u201d, programa trasgresor que ser\u00eda muy dif\u00edcil que alguna televisi\u00f3n emitir\u00eda en la actualidad (algo que da idea de lo que hemos avanzado). All\u00ed descubr\u00ed a Almod\u00f3var, a Miquel Barcel\u00f3, a Ouka Leele o a los primeros Golpes Bajos de Cardalda y Coppini. Al grupo liderado por [&hellip;]<\/p>\n","protected":false},"author":4,"featured_media":0,"comment_status":"open","ping_status":"closed","sticky":false,"template":"","format":"standard","meta":[],"categories":[6],"tags":[],"_links":{"self":[{"href":"https:\/\/blogs.elnortedecastilla.es\/vicentealvarez\/wp-json\/wp\/v2\/posts\/84"}],"collection":[{"href":"https:\/\/blogs.elnortedecastilla.es\/vicentealvarez\/wp-json\/wp\/v2\/posts"}],"about":[{"href":"https:\/\/blogs.elnortedecastilla.es\/vicentealvarez\/wp-json\/wp\/v2\/types\/post"}],"author":[{"embeddable":true,"href":"https:\/\/blogs.elnortedecastilla.es\/vicentealvarez\/wp-json\/wp\/v2\/users\/4"}],"replies":[{"embeddable":true,"href":"https:\/\/blogs.elnortedecastilla.es\/vicentealvarez\/wp-json\/wp\/v2\/comments?post=84"}],"version-history":[{"count":0,"href":"https:\/\/blogs.elnortedecastilla.es\/vicentealvarez\/wp-json\/wp\/v2\/posts\/84\/revisions"}],"wp:attachment":[{"href":"https:\/\/blogs.elnortedecastilla.es\/vicentealvarez\/wp-json\/wp\/v2\/media?parent=84"}],"wp:term":[{"taxonomy":"category","embeddable":true,"href":"https:\/\/blogs.elnortedecastilla.es\/vicentealvarez\/wp-json\/wp\/v2\/categories?post=84"},{"taxonomy":"post_tag","embeddable":true,"href":"https:\/\/blogs.elnortedecastilla.es\/vicentealvarez\/wp-json\/wp\/v2\/tags?post=84"}],"curies":[{"name":"wp","href":"https:\/\/api.w.org\/{rel}","templated":true}]}}