{"id":85,"date":"2007-03-12T19:46:00","date_gmt":"2007-03-12T19:46:00","guid":{"rendered":"http:\/\/blogs.elnortedecastilla.es\/vicentealvarez\/?p=85"},"modified":"2007-03-12T19:46:00","modified_gmt":"2007-03-12T19:46:00","slug":"la-victima-1-109","status":"publish","type":"post","link":"https:\/\/blogs.elnortedecastilla.es\/vicentealvarez\/2007\/03\/12\/la-victima-1-109\/","title":{"rendered":"LA V\u00cdCTIMA 1.109"},"content":{"rendered":"<p>Hemos conocido de su existencia estos \u00faltimos d\u00edas. Se llama Laura y ten\u00eda 26 a\u00f1os cuando el 11 de marzo de 2004 una de las tres explosiones que destrozaron el tren estacionado en la v\u00eda 2 de Atocha la convirti\u00f3 en la v\u00edctima 1.109. Con el paso del tiempo, todos los heridos fueron regresando a sus casas. Laura, no. Actualmente permanece en estado vegetativo de car\u00e1cter irreversible. Su familia prefiere permanecer en el anonimato. Aun as\u00ed, su prima ha querido hacerle un homenaje en el tercer aniversario del infierno. \u201cNo imagino lo que vieron sus ojos antes de cerrarse, lo que sinti\u00f3 esa ma\u00f1ana mientras esperaba a un tren que no llegar\u00eda nunca; no imagino su angustia al verse sola, en la oscuridad, sin poder entender nada de cuanto estaba pasando. Me gustar\u00eda creer que ya no sufre, que est\u00e1 tranquila donde quiera que se encuentre y que solo desea que estos tres a\u00f1os no dejen indiferente a nadie. El 11 de marzo todos cogimos un tren y todos perdimos algo&#8230;.\u201d.<br \/>\n<IMG src=\"\/vicentealvarez\/files\/mini-11-M.jpg\" width=\"500\" height=\"313\" class=\"imgcen\" \/><br \/>\nAyer se cumplieron tres a\u00f1os. Por la ma\u00f1ana, escuch\u00e9 en la radio a una mujer sollozando: \u201cSiento como si violaran a mi hija ya muerta\u201d. Era la madre de una de las 192 v\u00edctimas del 11-M. Denunciaba la utilizaci\u00f3n bastarda que estaban haciendo con la memoria de su hija. Contaba que hab\u00edan hecho pancartas con la foto de ella, fotograf\u00edas que gente desconocida portaba en manifestaciones reclamando cosas con las que ella no estaba de acuerdo. Se hab\u00eda quejado amargamente ante todas las instancias, hab\u00eda acudido a la justicia, se hab\u00eda sentido sucia, maltratada, mancillada. Hab\u00edan regresado los monstruos del recuerdo. Con ella, en la radio, estaban otros familiares afectados. Todos estaban de acuerdo en la manipulaci\u00f3n indecente de los pol\u00edticos. La mayor\u00eda se mostraban contentos de c\u00f3mo se estaba desarrollando el juicio. Alguno iba m\u00e1s all\u00e1 y despotricaba contra los te\u00f3ricos de la conspiraci\u00f3n aportando comentarios capaces de sonrojar a alg\u00fan profesor de Georgetown. Todos ellos comprend\u00edan que s\u00f3lo se les utilizaba para sacar r\u00e9dito electoral. Tambi\u00e9n eran conscientes de que el 10 de marzo el asesino De Juana Chaos vend\u00eda m\u00e1s que ellos&#8230;.<\/p>\n","protected":false},"excerpt":{"rendered":"<p>Hemos conocido de su existencia estos \u00faltimos d\u00edas. Se llama Laura y ten\u00eda 26 a\u00f1os cuando el 11 de marzo de 2004 una de las tres explosiones que destrozaron el tren estacionado en la v\u00eda 2 de Atocha la convirti\u00f3 en la v\u00edctima 1.109. Con el paso del tiempo, todos los heridos fueron regresando a [&hellip;]<\/p>\n","protected":false},"author":4,"featured_media":0,"comment_status":"open","ping_status":"closed","sticky":false,"template":"","format":"standard","meta":[],"categories":[3],"tags":[],"_links":{"self":[{"href":"https:\/\/blogs.elnortedecastilla.es\/vicentealvarez\/wp-json\/wp\/v2\/posts\/85"}],"collection":[{"href":"https:\/\/blogs.elnortedecastilla.es\/vicentealvarez\/wp-json\/wp\/v2\/posts"}],"about":[{"href":"https:\/\/blogs.elnortedecastilla.es\/vicentealvarez\/wp-json\/wp\/v2\/types\/post"}],"author":[{"embeddable":true,"href":"https:\/\/blogs.elnortedecastilla.es\/vicentealvarez\/wp-json\/wp\/v2\/users\/4"}],"replies":[{"embeddable":true,"href":"https:\/\/blogs.elnortedecastilla.es\/vicentealvarez\/wp-json\/wp\/v2\/comments?post=85"}],"version-history":[{"count":0,"href":"https:\/\/blogs.elnortedecastilla.es\/vicentealvarez\/wp-json\/wp\/v2\/posts\/85\/revisions"}],"wp:attachment":[{"href":"https:\/\/blogs.elnortedecastilla.es\/vicentealvarez\/wp-json\/wp\/v2\/media?parent=85"}],"wp:term":[{"taxonomy":"category","embeddable":true,"href":"https:\/\/blogs.elnortedecastilla.es\/vicentealvarez\/wp-json\/wp\/v2\/categories?post=85"},{"taxonomy":"post_tag","embeddable":true,"href":"https:\/\/blogs.elnortedecastilla.es\/vicentealvarez\/wp-json\/wp\/v2\/tags?post=85"}],"curies":[{"name":"wp","href":"https:\/\/api.w.org\/{rel}","templated":true}]}}