{"id":88,"date":"2007-03-15T17:10:00","date_gmt":"2007-03-15T17:10:00","guid":{"rendered":"http:\/\/blogs.elnortedecastilla.es\/vicentealvarez\/?p=88"},"modified":"2007-03-15T17:10:00","modified_gmt":"2007-03-15T17:10:00","slug":"uruena-paraiso-del-bibliofilo","status":"publish","type":"post","link":"https:\/\/blogs.elnortedecastilla.es\/vicentealvarez\/2007\/03\/15\/uruena-paraiso-del-bibliofilo\/","title":{"rendered":"URUE\u00d1A, PARA\u00cdSO DEL BIBLI\u00d3FILO"},"content":{"rendered":"<p><IMG src=\"\/vicentealvarez\/files\/34093_mini-URUEC391A.jpg\" width=\"500\" height=\"172\" class=\"imgcen\" \/><em>Publicado en El Norte de Castilla el 15 de marzo de 2007<\/em>.<br \/>\nHoy se alza el tel\u00f3n de una aventura maravillosa. Podemos atrevernos a decir que hoy zarpa un barco que nos llevar\u00e1 por sitios inimaginables. Y todos sabemos que \u00abpara viajar lejos no hay mejor nave que un libro\u00bb. Algo as\u00ed dijo Emily Dickinson. Por otro lado, el gran Antonio Colinas, en uno de sus preciosos poemas, nos hablaba de un espacio donde se inventa la infinitud de los amarillos, una tierra con m\u00e1s cielo que tierra, un lugar donde la luz llora luz, el lugar donde van a morir las arias de H\u00e4ndel. Urue\u00f1a es un lienzo abocetado por Vel\u00e1zquez, una antorcha de fuego en las estribaciones de los Montes Torozos, un balc\u00f3n de plata sobre Tierra de Campos. Urue\u00f1a es una peque\u00f1a villa medieval acunada en siglos de historia, el sue\u00f1o perdido de do\u00f1a Mar\u00eda de Padilla, la tranquilidad y silencio de la infinita llanura castellana. Urue\u00f1a es tierra de museos, ciudad de artesanos, encuadernadores y m\u00fasicos, es el sortilegio devoto y asc\u00e9tico de la Anunciada (hermos\u00edsima iglesia extramuros, joya del rom\u00e1nico lombardo catal\u00e1n). Desde hoy, Urue\u00f1a es adem\u00e1s el m\u00e1gico escenario de la primera Villa del Libro espa\u00f1ola. En toda Europa ya son cerca de veinte &#8216;book-town&#8217;, &#8216;buchdorf&#8217;, &#8216;villaggio del libro&#8217; o &#8216;village du livre&#8217;, proyectos culturales y art\u00edsticos que giran en torno al libro y que se han constituido como catedrales del libro y de sus secretos y como lugares prodigiosos de encuentro para viajeros y bibli\u00f3filos. La maravillosa e hipn\u00f3tica propuesta de la Villa del Libro de Urue\u00f1a se centra en un espacio vivo y unificador (el centro e-Lea) y la aportaci\u00f3n de diez peque\u00f1as librer\u00edas diseminadas por todo el municipio amurallado. Ser\u00e1 el santuario del libro y todo lo que ello representa (se ofertar\u00e1n libros antiguos, grabados, reproducciones, mapas, papel artesanal, ediciones facs\u00edmiles de textos jur\u00eddicos y un largu\u00edsimo etc\u00e9tera). Tambi\u00e9n, claro est\u00e1, lo que se encuentra alrededor del libro: encuadernadores, ilustradores o cal\u00edgrafos (los hijos de Alcuino que estamos en todos partes). El lugar ideal, en fin, para que los amantes de los libros encuentren joyas largamente apetecidas o se topen de improviso con quimeras de contrabando. El centro e-Lea, vertebrador de la Villa del Libro, es presentado como un inmenso espacio donde conviven una parte expositiva y pedag\u00f3gica (una historia del libro en forma de enorme y virtual palimpsesto titulado &#8216;Entre l\u00edneas&#8217;), otra de investigaci\u00f3n y documentaci\u00f3n, con su biblioteca y mediateca, y el llamado Jard\u00edn e-Lea, patio ajardinado destinado a presentaciones de libros, conferencias o coloquios. La idea es maravillosa y depende de nosotros que este barco llegue a buen puerto. Que el libro sea un anzuelo de hipn\u00f3tico poder para los viajeros. Que Urue\u00f1a se transforme en refugio y memoria del libro, ahora que hay tantos empe\u00f1ados en asesinarlo. Que Urue\u00f1a se convierta en antorcha del pensamiento. Que en Urue\u00f1a, con un libro entre las manos, encontremos por fin la serenidad que tanto tiempo llevamos buscando. Pues eso, que un libro es como un jard\u00edn que se lleva en el bolsillo y en nuestro bolsillo cabe entera nuestra Villa del Libro. \u00ab\u00bfConoc\u00e9is el lugar donde van a morir las arias de H\u00e4ndel?\u00bb.<\/p>\n","protected":false},"excerpt":{"rendered":"<p>Publicado en El Norte de Castilla el 15 de marzo de 2007. Hoy se alza el tel\u00f3n de una aventura maravillosa. Podemos atrevernos a decir que hoy zarpa un barco que nos llevar\u00e1 por sitios inimaginables. Y todos sabemos que \u00abpara viajar lejos no hay mejor nave que un libro\u00bb. Algo as\u00ed dijo Emily Dickinson. [&hellip;]<\/p>\n","protected":false},"author":4,"featured_media":0,"comment_status":"open","ping_status":"closed","sticky":false,"template":"","format":"standard","meta":[],"categories":[7],"tags":[],"_links":{"self":[{"href":"https:\/\/blogs.elnortedecastilla.es\/vicentealvarez\/wp-json\/wp\/v2\/posts\/88"}],"collection":[{"href":"https:\/\/blogs.elnortedecastilla.es\/vicentealvarez\/wp-json\/wp\/v2\/posts"}],"about":[{"href":"https:\/\/blogs.elnortedecastilla.es\/vicentealvarez\/wp-json\/wp\/v2\/types\/post"}],"author":[{"embeddable":true,"href":"https:\/\/blogs.elnortedecastilla.es\/vicentealvarez\/wp-json\/wp\/v2\/users\/4"}],"replies":[{"embeddable":true,"href":"https:\/\/blogs.elnortedecastilla.es\/vicentealvarez\/wp-json\/wp\/v2\/comments?post=88"}],"version-history":[{"count":0,"href":"https:\/\/blogs.elnortedecastilla.es\/vicentealvarez\/wp-json\/wp\/v2\/posts\/88\/revisions"}],"wp:attachment":[{"href":"https:\/\/blogs.elnortedecastilla.es\/vicentealvarez\/wp-json\/wp\/v2\/media?parent=88"}],"wp:term":[{"taxonomy":"category","embeddable":true,"href":"https:\/\/blogs.elnortedecastilla.es\/vicentealvarez\/wp-json\/wp\/v2\/categories?post=88"},{"taxonomy":"post_tag","embeddable":true,"href":"https:\/\/blogs.elnortedecastilla.es\/vicentealvarez\/wp-json\/wp\/v2\/tags?post=88"}],"curies":[{"name":"wp","href":"https:\/\/api.w.org\/{rel}","templated":true}]}}