{"id":90,"date":"2007-03-18T23:31:00","date_gmt":"2007-03-18T23:31:00","guid":{"rendered":"http:\/\/blogs.elnortedecastilla.es\/vicentealvarez\/?p=90"},"modified":"2007-03-18T23:31:00","modified_gmt":"2007-03-18T23:31:00","slug":"nunca-tiempo-es-perdido","status":"publish","type":"post","link":"https:\/\/blogs.elnortedecastilla.es\/vicentealvarez\/2007\/03\/18\/nunca-tiempo-es-perdido\/","title":{"rendered":"NUNCA EL TIEMPO ES PERDIDO"},"content":{"rendered":"<p><IMG src=\"\/vicentealvarez\/files\/4998b.jpg\" width=\"170\" height=\"170\" class=\"imgcen\" \/><br \/>\n\u201cNo puedo obligarte a que me quieras \/ Sabe Dios que no puedo dejar de quererte \/ La espina del dolor rasga mi pecho \/ S\u00e9 que no te alejar\u00e1 la niebla de los d\u00edas\u201d. Con este particular y atormentado mensaje, dio Manolo Garc\u00eda el pistoletazo de salida al siglo XXI. \u201cNunca el tiempo es perdido\u201d se edit\u00f3 a principios de 2001, continuando la senda abierta por el multipremiado \u201cArena en los bolsillos\u201d y recogiendo, de paso, la esplendorosa herencia de \u201cEl \u00faltimo de la fila\u201d, aderezado con las melanc\u00f3licas sonoridades de Triana, los dejes aflamencados tan presentes en su carrera, el jugueteo con los medios tiempos de aire ar\u00e1bico, los oropeles mediterr\u00e1neos, las coplas populares y, por encima de todo, la peculiar po\u00e9tica marca de la casa. Tengo a MG como una her\u00e9tica mezcla de Serrat y Springsteen, un misterioso alfarero con desplantes de torero y barniz lorquiano. Un tipo peculiar con alma de pintor, ojos caleidosc\u00f3picos y nervio inquieto. Un poeta-voyeur siempre al quite por si San Pedro le puede tirar una canci\u00f3n. En \u201cNunca el tiempo es perdido\u201d vuelve a a recordarnos febrero y sus promesas, a contarnos historias de amaneceres en camas extra\u00f1as, a hablarnos de almas que moran en la sala de los pasos perdidos, a juguetear con golondrinas de azuladas plumas, a reclamar besos y caricias, sinceras o mercenarias. Es la historia de siempre, aunque s\u00f3lo \u00e9l sabe dibujarla con jarabe de rosas de arom\u00e1ticas lenguas y darle forma de tangos arrabaleros y dulces, pendencieros y tristes, tangos de la lejan\u00eda: \u201cno hay un solo motivo por el que quiera olvidarte\u201d, \u201choy necesito besar otros labios creyendo que beso tus labios\u201d, \u201ca veces imagino por un instante que no te has ido y el tiempo se detiene\u201d, \u201choy el dolor duele\u201d, \u201cno pasa el tiempo desde que te fuiste\u201d, etc. Lo dicho: la historia de siempre, el dolor de siempre, la saudade de siempre. El amor y el desamor jugando a las cartas y cantado en voz baja con lluvia de aguanieve.<\/p>\n","protected":false},"excerpt":{"rendered":"<p>\u201cNo puedo obligarte a que me quieras \/ Sabe Dios que no puedo dejar de quererte \/ La espina del dolor rasga mi pecho \/ S\u00e9 que no te alejar\u00e1 la niebla de los d\u00edas\u201d. Con este particular y atormentado mensaje, dio Manolo Garc\u00eda el pistoletazo de salida al siglo XXI. \u201cNunca el tiempo es [&hellip;]<\/p>\n","protected":false},"author":4,"featured_media":0,"comment_status":"open","ping_status":"closed","sticky":false,"template":"","format":"standard","meta":[],"categories":[6],"tags":[],"_links":{"self":[{"href":"https:\/\/blogs.elnortedecastilla.es\/vicentealvarez\/wp-json\/wp\/v2\/posts\/90"}],"collection":[{"href":"https:\/\/blogs.elnortedecastilla.es\/vicentealvarez\/wp-json\/wp\/v2\/posts"}],"about":[{"href":"https:\/\/blogs.elnortedecastilla.es\/vicentealvarez\/wp-json\/wp\/v2\/types\/post"}],"author":[{"embeddable":true,"href":"https:\/\/blogs.elnortedecastilla.es\/vicentealvarez\/wp-json\/wp\/v2\/users\/4"}],"replies":[{"embeddable":true,"href":"https:\/\/blogs.elnortedecastilla.es\/vicentealvarez\/wp-json\/wp\/v2\/comments?post=90"}],"version-history":[{"count":0,"href":"https:\/\/blogs.elnortedecastilla.es\/vicentealvarez\/wp-json\/wp\/v2\/posts\/90\/revisions"}],"wp:attachment":[{"href":"https:\/\/blogs.elnortedecastilla.es\/vicentealvarez\/wp-json\/wp\/v2\/media?parent=90"}],"wp:term":[{"taxonomy":"category","embeddable":true,"href":"https:\/\/blogs.elnortedecastilla.es\/vicentealvarez\/wp-json\/wp\/v2\/categories?post=90"},{"taxonomy":"post_tag","embeddable":true,"href":"https:\/\/blogs.elnortedecastilla.es\/vicentealvarez\/wp-json\/wp\/v2\/tags?post=90"}],"curies":[{"name":"wp","href":"https:\/\/api.w.org\/{rel}","templated":true}]}}