{"id":91,"date":"2007-03-19T18:38:00","date_gmt":"2007-03-19T18:38:00","guid":{"rendered":"http:\/\/blogs.elnortedecastilla.es\/vicentealvarez\/?p=91"},"modified":"2007-03-19T18:38:00","modified_gmt":"2007-03-19T18:38:00","slug":"cinco-dias-la-clasicissima","status":"publish","type":"post","link":"https:\/\/blogs.elnortedecastilla.es\/vicentealvarez\/2007\/03\/19\/cinco-dias-la-clasicissima\/","title":{"rendered":"CINCO D\u00cdAS PARA LA CLASICISSIMA"},"content":{"rendered":"<p><IMG class=imgizqda height=450 src=\"\/vicentealvarez\/wp-content\/uploads\/sites\/3\" width=181><br \/>\nQuedan 5 d\u00edas para la Mil\u00e1n-San Remo. Es el momento de recordarlo, ahora que las televisiones y los peri\u00f3dicos han expulsado al ciclismo al \u00faltimo de los lugares y han preferido aplicarnos la tortura de amenazarnos con los d\u00edas, horas y minutos que quedaban para el comienzo de la F\u00f3rmula 1 y del Mundial de Motociclismo. De hecho, Alberto Contador, uno de los damnificados por la chapucera Operaci\u00f3n Puerto, se convirti\u00f3 ayer en el segundo ciclista espa\u00f1ol de la historia en ganar la prestigios\u00edsima Par\u00eds-Niza y casi nadie se enter\u00f3. Coincide la noticia, adem\u00e1s, con el archivo definitivo por parte del juez de la Operaci\u00f3n Puerto, la mayor estafa deportiva de los \u00faltimos tiempos. He dejado que pasaran unos d\u00edas para no escribir en caliente lo que pienso de los mafiosos corruptos que han destrozado el ciclismo. Se esperan indemnizaciones multimillonarias. \u00bfQui\u00e9n las va a pagar?\u00bfSer\u00e1 el indecente Lissavetzky? \u00bfNos volveremos a creer eso de que todos somos inocentes hasta que se demuestre lo contrario? Se mont\u00f3 un pollo medi\u00e1tico vergonzoso, se destrozaron carreras, hubo filtraciones criminales, expulsaron a patrocinadores y equipos, dejaron el ciclismo como un solar. Ahora se da carpetazo a la Operaci\u00f3n Puerto, aunque el CSD lo recurra y el sursuncorda maree la perdiz. Muchos somos los que pensamos que lo han hecho porque tienen miedo de que Eufemiano Fuentes suelte por esa boquita todo lo que sabe e incrimine a una buena parte de los h\u00e9roes del pasado europeo de atletismo, o ponga en su sitio a la armada espa\u00f1ola de tenis, a los chicos de oro del baloncesto y a alguna estrella del intocable f\u00fatbol. En fin, que no descarto que, como se acercan las elecciones, el PP aproveche el tir\u00f3n y monte una manifestaci\u00f3n pidiendo cabezas. Probablemente, esta vez me convenzan.<\/p>\n","protected":false},"excerpt":{"rendered":"<p>Quedan 5 d\u00edas para la Mil\u00e1n-San Remo. Es el momento de recordarlo, ahora que las televisiones y los peri\u00f3dicos han expulsado al ciclismo al \u00faltimo de los lugares y han preferido aplicarnos la tortura de amenazarnos con los d\u00edas, horas y minutos que quedaban para el comienzo de la F\u00f3rmula 1 y del Mundial de [&hellip;]<\/p>\n","protected":false},"author":4,"featured_media":0,"comment_status":"open","ping_status":"closed","sticky":false,"template":"","format":"standard","meta":[],"categories":[3],"tags":[49],"_links":{"self":[{"href":"https:\/\/blogs.elnortedecastilla.es\/vicentealvarez\/wp-json\/wp\/v2\/posts\/91"}],"collection":[{"href":"https:\/\/blogs.elnortedecastilla.es\/vicentealvarez\/wp-json\/wp\/v2\/posts"}],"about":[{"href":"https:\/\/blogs.elnortedecastilla.es\/vicentealvarez\/wp-json\/wp\/v2\/types\/post"}],"author":[{"embeddable":true,"href":"https:\/\/blogs.elnortedecastilla.es\/vicentealvarez\/wp-json\/wp\/v2\/users\/4"}],"replies":[{"embeddable":true,"href":"https:\/\/blogs.elnortedecastilla.es\/vicentealvarez\/wp-json\/wp\/v2\/comments?post=91"}],"version-history":[{"count":0,"href":"https:\/\/blogs.elnortedecastilla.es\/vicentealvarez\/wp-json\/wp\/v2\/posts\/91\/revisions"}],"wp:attachment":[{"href":"https:\/\/blogs.elnortedecastilla.es\/vicentealvarez\/wp-json\/wp\/v2\/media?parent=91"}],"wp:term":[{"taxonomy":"category","embeddable":true,"href":"https:\/\/blogs.elnortedecastilla.es\/vicentealvarez\/wp-json\/wp\/v2\/categories?post=91"},{"taxonomy":"post_tag","embeddable":true,"href":"https:\/\/blogs.elnortedecastilla.es\/vicentealvarez\/wp-json\/wp\/v2\/tags?post=91"}],"curies":[{"name":"wp","href":"https:\/\/api.w.org\/{rel}","templated":true}]}}