{"id":94,"date":"2007-03-22T17:11:00","date_gmt":"2007-03-22T17:11:00","guid":{"rendered":"http:\/\/blogs.elnortedecastilla.es\/vicentealvarez\/?p=94"},"modified":"2007-03-22T17:11:00","modified_gmt":"2007-03-22T17:11:00","slug":"invisibles","status":"publish","type":"post","link":"https:\/\/blogs.elnortedecastilla.es\/vicentealvarez\/2007\/03\/22\/invisibles\/","title":{"rendered":"INVISIBLES"},"content":{"rendered":"<p><IMG class=imgizqda height=170 src=\"\/vicentealvarez\/wp-content\/uploads\/sites\/3\" width=250><EM>Publicado en El Norte de Castilla el 22 de marzo de 2007<\/EM><br \/>\n&#8220;Necesitamos a personas capaces de indignarse&#8221;, reza la \u00faltima campa\u00f1a de M\u00e9dicos Sin Fronteras, personas que se subleven ante hechos tan escandalosos como que 35.000 personas mueran de hambre al d\u00eda o que haya 300.000 ni\u00f1os-soldados en guerras atroces (y en muchos casos desconocidas) que desangran el planeta. Para paliar la ignorancia generalizada y para intentar desactivar este grandioso e indecente volc\u00e1n de pasotismo, cinismo y escepticismo cr\u00f3nico que nos ahoga, la gente de MSF da a conocer todos los a\u00f1os un &#8216;ranking&#8217; de las diez tragedias m\u00e1s olvidadas del mundo. Este a\u00f1o, coincidiendo con el 20 aniversario de sus actividades en Espa\u00f1a, propusieron a Javier Bardem producir una pel\u00edcula que abordara cinco de esas tragedias, apunt\u00e1ndose al fest\u00edn solidario directores de la talla de Fernando Le\u00f3n de Aranoa, Wim Wenders, Mariano Barroso, Javier Corcuera e Isabel Coixet. El resultado, a pesar de la l\u00f3gica irregularidad, es una de las pel\u00edculas m\u00e1s impactantes, tremendas y necesarias que ha parido el cine espa\u00f1ol en los \u00faltimos a\u00f1os.<\/p>\n<p>Llevo tiempo sosteniendo la teor\u00eda de que el mundo del cine es, tal vez, el veh\u00edculo de comunicaci\u00f3n m\u00e1s poderoso e influyente que existe. Su capacidad para llegar a todos los rincones del planeta y el hecho de que las estrellas se movilicen y den a conocer historias que de otro modo permanecer\u00edan en el anonimato hace del cine un arma de incalculable valor. Evidentemente, una pel\u00edcula no puede hacer nada ante la catarata de miseria, hambre, violencia e intereses bastardos de todo tipo que hay en el mundo, pero s\u00ed puede hacernos pensar, ense\u00f1arnos historias que permanec\u00edan ocultas y convertirnos en un momento dado en bombas de presi\u00f3n social. El no hacer las pel\u00edculas s\u00ed que ser\u00eda un crimen. Como dice el director de MSF en Espa\u00f1a, \u00abel silencio mata\u00bb. Gracias a &#8216;Invisibles&#8217; sabemos m\u00e1s de la mortal enfermedad del Chagas, de las v\u00edctimas de conflictos armados y los desplazados en Colombia, de las mujeres sistem\u00e1ticamente violadas en la guerra del Congo, de la enfermedad del sue\u00f1o que mata a miles de personas en \u00c1frica y de la situaci\u00f3n pavorosa que viven los ni\u00f1os en Uganda por culpa de la guerra, tragedias todas ellas que no ocuparon en las televisiones m\u00e1s de siete minutos durante todo el a\u00f1o pasado. El hacer visibles a estas v\u00edctimas invisibles, el trabajar para que esta pel\u00edcula sea casi de obligada visi\u00f3n, el denunciar las atrocidades que sufren gentes an\u00f3nimas, forma parte ya del curr\u00edculum de Javier Bardem para quien producir cine social da sentido a toda la \u00abparafernalia, la frivolidad y lo absurdo, lo gratuito y lo pirot\u00e9cnico de mi profesi\u00f3n\u00bb. S\u00e9 que a muchos les disgusta profundamente este tipo de actividades humanitarias que algunos famosos realizan. A m\u00ed, sin embargo, me parece admirable que gente como Bardem ocupe parte de su tiempo y de su dinero en producir pel\u00edculas como &#8216;Invisibles&#8217;. Es m\u00e1s, creo que al criticar amargamente a los famosos que se comprometen, al desconfiar de las oeneg\u00e9s y al temer que el dinero pueda quedarse por el camino, lo \u00fanico que intentan muchos es acallar sus conciencias y justificar el no hacer absolutamente nada. Ni siquiera indignarse ante situaciones tan sangrantes como las que denuncia M\u00e9dicos Sin Fronteras.<\/p>\n","protected":false},"excerpt":{"rendered":"<p>Publicado en El Norte de Castilla el 22 de marzo de 2007 &#8220;Necesitamos a personas capaces de indignarse&#8221;, reza la \u00faltima campa\u00f1a de M\u00e9dicos Sin Fronteras, personas que se subleven ante hechos tan escandalosos como que 35.000 personas mueran de hambre al d\u00eda o que haya 300.000 ni\u00f1os-soldados en guerras atroces (y en muchos casos [&hellip;]<\/p>\n","protected":false},"author":4,"featured_media":0,"comment_status":"open","ping_status":"closed","sticky":false,"template":"","format":"standard","meta":[],"categories":[7],"tags":[57,99],"_links":{"self":[{"href":"https:\/\/blogs.elnortedecastilla.es\/vicentealvarez\/wp-json\/wp\/v2\/posts\/94"}],"collection":[{"href":"https:\/\/blogs.elnortedecastilla.es\/vicentealvarez\/wp-json\/wp\/v2\/posts"}],"about":[{"href":"https:\/\/blogs.elnortedecastilla.es\/vicentealvarez\/wp-json\/wp\/v2\/types\/post"}],"author":[{"embeddable":true,"href":"https:\/\/blogs.elnortedecastilla.es\/vicentealvarez\/wp-json\/wp\/v2\/users\/4"}],"replies":[{"embeddable":true,"href":"https:\/\/blogs.elnortedecastilla.es\/vicentealvarez\/wp-json\/wp\/v2\/comments?post=94"}],"version-history":[{"count":0,"href":"https:\/\/blogs.elnortedecastilla.es\/vicentealvarez\/wp-json\/wp\/v2\/posts\/94\/revisions"}],"wp:attachment":[{"href":"https:\/\/blogs.elnortedecastilla.es\/vicentealvarez\/wp-json\/wp\/v2\/media?parent=94"}],"wp:term":[{"taxonomy":"category","embeddable":true,"href":"https:\/\/blogs.elnortedecastilla.es\/vicentealvarez\/wp-json\/wp\/v2\/categories?post=94"},{"taxonomy":"post_tag","embeddable":true,"href":"https:\/\/blogs.elnortedecastilla.es\/vicentealvarez\/wp-json\/wp\/v2\/tags?post=94"}],"curies":[{"name":"wp","href":"https:\/\/api.w.org\/{rel}","templated":true}]}}