{"id":95,"date":"2007-03-25T08:55:00","date_gmt":"2007-03-25T08:55:00","guid":{"rendered":"http:\/\/blogs.elnortedecastilla.es\/vicentealvarez\/?p=95"},"modified":"2007-03-25T08:55:00","modified_gmt":"2007-03-25T08:55:00","slug":"the-wall","status":"publish","type":"post","link":"https:\/\/blogs.elnortedecastilla.es\/vicentealvarez\/2007\/03\/25\/the-wall\/","title":{"rendered":"THE WALL"},"content":{"rendered":"<p><IMG src=\"\/vicentealvarez\/files\/the.wall.jpg\" width=\"170\" height=\"170\" class=\"imgcen\" \/><em>El Muro <\/em>es, muy probablemente, el mayor acontecimiento de toda la historia del rock. Un \u00e1lbum doble (que debi\u00f3 ser triple), un pu\u00f1ado de conciertos \u00e9picos (con construcci\u00f3n de un inmenso muro y posterior destrucci\u00f3n en directo), una perturbadora pel\u00edcula dirigida por Alan Parker, un concierto con megaestrellas conmemorando la ca\u00edda del Muro de Berl\u00edn y, finalmente, la edici\u00f3n del \u00e1lbum de dicho concierto. Eso sin olvidar las animaciones, marionetas e ilustraciones del genial Gerald Scarfe que acompa\u00f1aron gira y pel\u00edcula (la paloma destrozada por el p\u00e1jaro de guerra nazi, los martillos desfilando como ej\u00e9rcitos, las flores haciendo el amor, etc): una patada en los huevos al m\u00e1gico mundo de Disney. Fue, adem\u00e1s, el glorioso canto del cisne de Pink Floyd, superando en fama y \u00e9xito (de hecho, <em>The Wall <\/em>es el tercer disco m\u00e1s vendido de la historia) a los inconmensurables <em>The dark side of the moon <\/em>y <em>Wish you were here<\/em>. Esta monumental \u00f3pera-rock, basada parcialmente en la vida de su l\u00edder, Roger Waters, cuenta la historia de una estrella de rock desde su infancia y de todos los traumas que le acosan y le llevan a poner ladrillos a su alrededor, a levantar un muro y a aislarse por completo del mundo hasta caer en el infierno de la locura. Aunque el disco es demasiado <em>waters <\/em>y le falta el toque <em>gilmour<\/em>, y a pesar de que la m\u00fasica est\u00e1 excesivamente subordinada al concepto, <em>The Wall <\/em>es una completa obra de arte, uno de los discos m\u00e1s inteligentes y fantasiosos de la historia de la m\u00fasica, una aventura m\u00edstica y turbulenta hasta los abismos de la demencia y la alienaci\u00f3n, una  obra compleja y tortuosa con una alta carga de cr\u00edtica social (a la guerra, a las instituciones, al sistema educativo, al mundo falso de las estrellas de rock) y una profunda reflexi\u00f3n sobre temas como la locura, el fracaso sentimental o la sobreprotecci\u00f3n materna. <em>The wall <\/em>constituy\u00f3 un verdadero hito cultural en su momento y se convirti\u00f3 en el s\u00edmbolo de toda una generaci\u00f3n. Todav\u00eda recuerdo mi COU pasado por el filtro de las canciones de <em>El Muro<\/em>. Al fin y al cabo, <em>The Wall <\/em>es el catecismo de mi adolescencia, algo que puede justificar, muy probablemente, las taras que, desde entonces, me adornan. Am\u00e9n.<\/p>\n","protected":false},"excerpt":{"rendered":"<p>El Muro es, muy probablemente, el mayor acontecimiento de toda la historia del rock. Un \u00e1lbum doble (que debi\u00f3 ser triple), un pu\u00f1ado de conciertos \u00e9picos (con construcci\u00f3n de un inmenso muro y posterior destrucci\u00f3n en directo), una perturbadora pel\u00edcula dirigida por Alan Parker, un concierto con megaestrellas conmemorando la ca\u00edda del Muro de Berl\u00edn [&hellip;]<\/p>\n","protected":false},"author":4,"featured_media":0,"comment_status":"open","ping_status":"closed","sticky":false,"template":"","format":"standard","meta":[],"categories":[6],"tags":[],"_links":{"self":[{"href":"https:\/\/blogs.elnortedecastilla.es\/vicentealvarez\/wp-json\/wp\/v2\/posts\/95"}],"collection":[{"href":"https:\/\/blogs.elnortedecastilla.es\/vicentealvarez\/wp-json\/wp\/v2\/posts"}],"about":[{"href":"https:\/\/blogs.elnortedecastilla.es\/vicentealvarez\/wp-json\/wp\/v2\/types\/post"}],"author":[{"embeddable":true,"href":"https:\/\/blogs.elnortedecastilla.es\/vicentealvarez\/wp-json\/wp\/v2\/users\/4"}],"replies":[{"embeddable":true,"href":"https:\/\/blogs.elnortedecastilla.es\/vicentealvarez\/wp-json\/wp\/v2\/comments?post=95"}],"version-history":[{"count":0,"href":"https:\/\/blogs.elnortedecastilla.es\/vicentealvarez\/wp-json\/wp\/v2\/posts\/95\/revisions"}],"wp:attachment":[{"href":"https:\/\/blogs.elnortedecastilla.es\/vicentealvarez\/wp-json\/wp\/v2\/media?parent=95"}],"wp:term":[{"taxonomy":"category","embeddable":true,"href":"https:\/\/blogs.elnortedecastilla.es\/vicentealvarez\/wp-json\/wp\/v2\/categories?post=95"},{"taxonomy":"post_tag","embeddable":true,"href":"https:\/\/blogs.elnortedecastilla.es\/vicentealvarez\/wp-json\/wp\/v2\/tags?post=95"}],"curies":[{"name":"wp","href":"https:\/\/api.w.org\/{rel}","templated":true}]}}